{"id":1080,"date":"2020-08-19T18:42:00","date_gmt":"2020-08-19T16:42:00","guid":{"rendered":"https:\/\/koeb-stephanus.stludger-selm.de\/?p=1080"},"modified":"2020-08-21T16:50:29","modified_gmt":"2020-08-21T14:50:29","slug":"wir-oeffnen-wieder","status":"publish","type":"post","link":"https:\/\/koeb-stephanus.stludger-selm.de\/?p=1080","title":{"rendered":"Wir \u00f6ffnen ab September wieder w\u00f6chentlich!"},"content":{"rendered":"\n<p>Die Katholische \u00f6ffentliche B\u00fccherei St. Stephanus  wird <strong>ab Septembe<\/strong>r wieder zu den gewohnten  \u00d6ffnungszeiten \u00f6ffnen, nat\u00fcrlich unter Corona-Bedingungen. <\/p>\n\n\n\n<p>Nach dem  die Coronazeit auch ganz viel als Zeit zum Lesen entdeckt wurde und unsere B\u00fccherei gerne besucht wird, ist es dem B\u00fcchereiteam eine Freude wieder neuen Lesestoff in der Ausleihe anbieten zu k\u00f6nnen.<\/p>\n\n\n\n<p>Den neuen Erstkl\u00e4sslern w\u00fcnschen wir einen guten Start in der Schule und viel Freude am Lesenlernen. Gerade auch f\u00fcr die Erstleser haben wir viele sch\u00f6ne B\u00fccher, um die Freude am Lesen zu f\u00f6rdern. Wir freuen uns schon auf die kleinen Besucher.<\/p>\n\n\n\n<p>Ab September wird die K\u00d6B wieder w\u00f6chentlich zu den gewohnten \u00d6ffnungszeiten <strong>donnerstags 14.30 &#8211; 17.00 h und sonntags 10.00 &#8211; 12.30 h, unter Einhaltung der vor Ort getroffenen Schutzma\u00dfnahmen, \u00f6ffnen. <\/strong>Das ehrenamtliche Team freut sich wieder Lesestoff ausleihen zu k\u00f6nnen.<\/p>\n\n\n\n<p><span style=\"text-decoration: underline;\"><strong>Das B\u00fcchereiteam bittet beim Betreten der B\u00fccherei einen Mund-Nasen-Schutz zu tragen.<\/strong><\/span><\/p>\n\n\n\n<figure class=\"wp-block-image size-large\"><img loading=\"lazy\" decoding=\"async\" width=\"1024\" height=\"683\" src=\"https:\/\/koeb-stephanus.stludger-selm.de\/wp-content\/uploads\/2020\/06\/DSCF9988-1-1024x683.jpg\" alt=\"\" class=\"wp-image-1094\" srcset=\"https:\/\/koeb-stephanus.stludger-selm.de\/wp-content\/uploads\/2020\/06\/DSCF9988-1-1024x683.jpg 1024w, https:\/\/koeb-stephanus.stludger-selm.de\/wp-content\/uploads\/2020\/06\/DSCF9988-1-300x200.jpg 300w, https:\/\/koeb-stephanus.stludger-selm.de\/wp-content\/uploads\/2020\/06\/DSCF9988-1-768x512.jpg 768w, https:\/\/koeb-stephanus.stludger-selm.de\/wp-content\/uploads\/2020\/06\/DSCF9988-1-1536x1024.jpg 1536w, https:\/\/koeb-stephanus.stludger-selm.de\/wp-content\/uploads\/2020\/06\/DSCF9988-1-2048x1365.jpg 2048w\" sizes=\"auto, (max-width: 1024px) 100vw, 1024px\" \/><\/figure>\n\n\n\n<figure class=\"wp-block-image size-large\"><img loading=\"lazy\" decoding=\"async\" width=\"1024\" height=\"768\" src=\"https:\/\/koeb-stephanus.stludger-selm.de\/wp-content\/uploads\/2020\/05\/B\u00fccherei1-2020.05-1024x768.jpg\" alt=\"\" class=\"wp-image-1081\" srcset=\"https:\/\/koeb-stephanus.stludger-selm.de\/wp-content\/uploads\/2020\/05\/B\u00fccherei1-2020.05-1024x768.jpg 1024w, https:\/\/koeb-stephanus.stludger-selm.de\/wp-content\/uploads\/2020\/05\/B\u00fccherei1-2020.05-300x225.jpg 300w, https:\/\/koeb-stephanus.stludger-selm.de\/wp-content\/uploads\/2020\/05\/B\u00fccherei1-2020.05-768x576.jpg 768w, https:\/\/koeb-stephanus.stludger-selm.de\/wp-content\/uploads\/2020\/05\/B\u00fccherei1-2020.05-1536x1152.jpg 1536w, https:\/\/koeb-stephanus.stludger-selm.de\/wp-content\/uploads\/2020\/05\/B\u00fccherei1-2020.05-2048x1536.jpg 2048w, https:\/\/koeb-stephanus.stludger-selm.de\/wp-content\/uploads\/2020\/05\/B\u00fccherei1-2020.05-840x630.jpg 840w, https:\/\/koeb-stephanus.stludger-selm.de\/wp-content\/uploads\/2020\/05\/B\u00fccherei1-2020.05-440x330.jpg 440w\" sizes=\"auto, (max-width: 1024px) 100vw, 1024px\" \/><\/figure>\n\n\n\n<p><\/p>\n","protected":false},"excerpt":{"rendered":"<p>Die Katholische \u00f6ffentliche B\u00fccherei St. Stephanus wird ab September wieder zu den gewohnten \u00d6ffnungszeiten \u00f6ffnen, nat\u00fcrlich unter Corona-Bedingungen. Nach dem die Coronazeit auch ganz viel als Zeit zum Lesen entdeckt wurde und unsere B\u00fccherei gerne<\/p>\n","protected":false},"author":4,"featured_media":0,"comment_status":"closed","ping_status":"open","sticky":false,"template":"","format":"standard","meta":{"footnotes":""},"categories":[6],"tags":[],"class_list":["post-1080","post","type-post","status-publish","format-standard","hentry","category-aktuell"],"_links":{"self":[{"href":"https:\/\/koeb-stephanus.stludger-selm.de\/index.php?rest_route=\/wp\/v2\/posts\/1080","targetHints":{"allow":["GET"]}}],"collection":[{"href":"https:\/\/koeb-stephanus.stludger-selm.de\/index.php?rest_route=\/wp\/v2\/posts"}],"about":[{"href":"https:\/\/koeb-stephanus.stludger-selm.de\/index.php?rest_route=\/wp\/v2\/types\/post"}],"author":[{"embeddable":true,"href":"https:\/\/koeb-stephanus.stludger-selm.de\/index.php?rest_route=\/wp\/v2\/users\/4"}],"replies":[{"embeddable":true,"href":"https:\/\/koeb-stephanus.stludger-selm.de\/index.php?rest_route=%2Fwp%2Fv2%2Fcomments&post=1080"}],"version-history":[{"count":11,"href":"https:\/\/koeb-stephanus.stludger-selm.de\/index.php?rest_route=\/wp\/v2\/posts\/1080\/revisions"}],"predecessor-version":[{"id":1156,"href":"https:\/\/koeb-stephanus.stludger-selm.de\/index.php?rest_route=\/wp\/v2\/posts\/1080\/revisions\/1156"}],"wp:attachment":[{"href":"https:\/\/koeb-stephanus.stludger-selm.de\/index.php?rest_route=%2Fwp%2Fv2%2Fmedia&parent=1080"}],"wp:term":[{"taxonomy":"category","embeddable":true,"href":"https:\/\/koeb-stephanus.stludger-selm.de\/index.php?rest_route=%2Fwp%2Fv2%2Fcategories&post=1080"},{"taxonomy":"post_tag","embeddable":true,"href":"https:\/\/koeb-stephanus.stludger-selm.de\/index.php?rest_route=%2Fwp%2Fv2%2Ftags&post=1080"}],"curies":[{"name":"wp","href":"https:\/\/api.w.org\/{rel}","templated":true}]}}