{"id":1176,"date":"2021-03-12T11:44:30","date_gmt":"2021-03-12T09:44:30","guid":{"rendered":"https:\/\/koeb-stephanus.stludger-selm.de\/?p=1176"},"modified":"2021-03-12T11:44:30","modified_gmt":"2021-03-12T09:44:30","slug":"die-buecherei-st-stephanus-oeffnet-wieder","status":"publish","type":"post","link":"https:\/\/koeb-stephanus.stludger-selm.de\/?p=1176","title":{"rendered":"Die B\u00fccherei St. Stephanus \u00f6ffnet wieder"},"content":{"rendered":"\n<p>Die Katholische \u00f6ffentliche B\u00fccherei St. Stephanus darf wieder \u00f6ffnen. Das ehrenamtliche B\u00fcchereiteam steht bereit und ist unter den bereits bekannten Hygienevorschriften ab Sonntag, 14. M\u00e4rz zu den gewohnten \u00d6ffnungszeiten wieder im Einsatz. Nach der langen Schlie\u00dfung freuen sich die Mitarbeiter auf ein Wiedersehen und bitten, an den Mundschutz zu denken. <\/p>\n\n\n\n<p>Die \u00d6ffnungszeiten sind sonntags von 10 bis 12:30 und donnerstags von 14:30 bis 17 Uhr.<\/p>\n\n\n\n<p><\/p>\n","protected":false},"excerpt":{"rendered":"<p>Die Katholische \u00f6ffentliche B\u00fccherei St. Stephanus darf wieder \u00f6ffnen. Das ehrenamtliche B\u00fcchereiteam steht bereit und ist unter den bereits bekannten Hygienevorschriften ab Sonntag, 14. M\u00e4rz zu den gewohnten \u00d6ffnungszeiten wieder im Einsatz. Nach der langen<\/p>\n","protected":false},"author":2,"featured_media":0,"comment_status":"closed","ping_status":"open","sticky":false,"template":"","format":"standard","meta":{"footnotes":""},"categories":[1],"tags":[],"class_list":["post-1176","post","type-post","status-publish","format-standard","hentry","category-allgemein"],"_links":{"self":[{"href":"https:\/\/koeb-stephanus.stludger-selm.de\/index.php?rest_route=\/wp\/v2\/posts\/1176","targetHints":{"allow":["GET"]}}],"collection":[{"href":"https:\/\/koeb-stephanus.stludger-selm.de\/index.php?rest_route=\/wp\/v2\/posts"}],"about":[{"href":"https:\/\/koeb-stephanus.stludger-selm.de\/index.php?rest_route=\/wp\/v2\/types\/post"}],"author":[{"embeddable":true,"href":"https:\/\/koeb-stephanus.stludger-selm.de\/index.php?rest_route=\/wp\/v2\/users\/2"}],"replies":[{"embeddable":true,"href":"https:\/\/koeb-stephanus.stludger-selm.de\/index.php?rest_route=%2Fwp%2Fv2%2Fcomments&post=1176"}],"version-history":[{"count":1,"href":"https:\/\/koeb-stephanus.stludger-selm.de\/index.php?rest_route=\/wp\/v2\/posts\/1176\/revisions"}],"predecessor-version":[{"id":1177,"href":"https:\/\/koeb-stephanus.stludger-selm.de\/index.php?rest_route=\/wp\/v2\/posts\/1176\/revisions\/1177"}],"wp:attachment":[{"href":"https:\/\/koeb-stephanus.stludger-selm.de\/index.php?rest_route=%2Fwp%2Fv2%2Fmedia&parent=1176"}],"wp:term":[{"taxonomy":"category","embeddable":true,"href":"https:\/\/koeb-stephanus.stludger-selm.de\/index.php?rest_route=%2Fwp%2Fv2%2Fcategories&post=1176"},{"taxonomy":"post_tag","embeddable":true,"href":"https:\/\/koeb-stephanus.stludger-selm.de\/index.php?rest_route=%2Fwp%2Fv2%2Ftags&post=1176"}],"curies":[{"name":"wp","href":"https:\/\/api.w.org\/{rel}","templated":true}]}}