{"id":1205,"date":"2022-01-18T18:21:55","date_gmt":"2022-01-18T16:21:55","guid":{"rendered":"https:\/\/koeb-stephanus.stludger-selm.de\/?p=1205"},"modified":"2022-01-18T18:21:55","modified_gmt":"2022-01-18T16:21:55","slug":"die-buecherei-oeffnet-donnerstags-unter-beruecksichtigung-der-2g-regelung","status":"publish","type":"post","link":"https:\/\/koeb-stephanus.stludger-selm.de\/?p=1205","title":{"rendered":"Die B\u00fccherei \u00f6ffnet donnerstags unter Ber\u00fccksichtigung der 2G-Regelung"},"content":{"rendered":"\n<p>Die B\u00fccherei St. Stephanus ist ab dem 20. Januar wieder ge\u00f6ffnet. <\/p>\n\n\n\n<p>Das ehrenamtliche B\u00fcchereiteam erm\u00f6glicht die Ausleihe an Donnerstagen von 14:30 bis 17:00 Uhr, leider vorerst nicht an Sonntagen. <br>Die aktuellen Corona-Auflagen verlangen die 2G-Regelung, Abstand und Maskenpflicht. Bitte vergessen Sie also nicht Ihren Impfpass und Personalausweis. Kinder d\u00fcrfen die B\u00fccherei leider nicht betreten.<br>Besorgte LeserInnen\/BesucherInnen oder LeserInnen\/BesucherInnen ohne 2G k\u00f6nnen ihre  Vorbestellungen aber auch per <a rel=\"noreferrer noopener\" href=\"https:\/\/webopac.bistum-muenster.de\/bork\/index.asp?DB=OPAC_Bork\" data-type=\"URL\" data-id=\"https:\/\/webopac.bistum-muenster.de\/bork\/index.asp?DB=OPAC_Bork\" target=\"_blank\">OPAC<\/a> oder per Mail (koeb-bork@web.de) \u00fcbermitteln. Die Vorbestellungen werden dann kontaktlos durch ein Fenster \u00fcbergeben. Am Tag der Ausleihe k\u00f6nnen Buchw\u00fcnsche auch direkt am Fenster \u00fcbermittelt werden. Die B\u00fccher werden dann kontaktlos \u00fcbergeben.<\/p>\n\n\n\n<p>Nat\u00fcrlich bieten wir \u00fcber unsere Onleihe \u201elibell-e-Drei\u201c weiterhin ein breites digitales Lese- und H\u00f6rangebot an. Interessierte, die gerne f\u00fcr den Zugang zur Onleihe freigeschaltet werden m\u00f6chten oder eine Verl\u00e4ngerung ben\u00f6tigen, k\u00f6nnen sich gerne per Mail (koeb-bork@web.de) an uns wenden. Wir werden dann die entsprechenden Formulare zur Anmeldung per Mail zusenden und nach R\u00fccksendung die Freischaltung vornehmen.<\/p>\n\n\n\n<p><\/p>\n","protected":false},"excerpt":{"rendered":"<p>Die B\u00fccherei St. Stephanus ist ab dem 20. Januar wieder ge\u00f6ffnet. Das ehrenamtliche B\u00fcchereiteam erm\u00f6glicht die Ausleihe an Donnerstagen von 14:30 bis 17:00 Uhr, leider vorerst nicht an Sonntagen. Die aktuellen Corona-Auflagen verlangen die 2G-Regelung,<\/p>\n","protected":false},"author":2,"featured_media":0,"comment_status":"closed","ping_status":"open","sticky":false,"template":"","format":"standard","meta":{"footnotes":""},"categories":[1],"tags":[],"class_list":["post-1205","post","type-post","status-publish","format-standard","hentry","category-allgemein"],"_links":{"self":[{"href":"https:\/\/koeb-stephanus.stludger-selm.de\/index.php?rest_route=\/wp\/v2\/posts\/1205","targetHints":{"allow":["GET"]}}],"collection":[{"href":"https:\/\/koeb-stephanus.stludger-selm.de\/index.php?rest_route=\/wp\/v2\/posts"}],"about":[{"href":"https:\/\/koeb-stephanus.stludger-selm.de\/index.php?rest_route=\/wp\/v2\/types\/post"}],"author":[{"embeddable":true,"href":"https:\/\/koeb-stephanus.stludger-selm.de\/index.php?rest_route=\/wp\/v2\/users\/2"}],"replies":[{"embeddable":true,"href":"https:\/\/koeb-stephanus.stludger-selm.de\/index.php?rest_route=%2Fwp%2Fv2%2Fcomments&post=1205"}],"version-history":[{"count":1,"href":"https:\/\/koeb-stephanus.stludger-selm.de\/index.php?rest_route=\/wp\/v2\/posts\/1205\/revisions"}],"predecessor-version":[{"id":1206,"href":"https:\/\/koeb-stephanus.stludger-selm.de\/index.php?rest_route=\/wp\/v2\/posts\/1205\/revisions\/1206"}],"wp:attachment":[{"href":"https:\/\/koeb-stephanus.stludger-selm.de\/index.php?rest_route=%2Fwp%2Fv2%2Fmedia&parent=1205"}],"wp:term":[{"taxonomy":"category","embeddable":true,"href":"https:\/\/koeb-stephanus.stludger-selm.de\/index.php?rest_route=%2Fwp%2Fv2%2Fcategories&post=1205"},{"taxonomy":"post_tag","embeddable":true,"href":"https:\/\/koeb-stephanus.stludger-selm.de\/index.php?rest_route=%2Fwp%2Fv2%2Ftags&post=1205"}],"curies":[{"name":"wp","href":"https:\/\/api.w.org\/{rel}","templated":true}]}}