{"id":1238,"date":"2022-02-24T14:12:16","date_gmt":"2022-02-24T12:12:16","guid":{"rendered":"https:\/\/koeb-stephanus.stludger-selm.de\/?p=1238"},"modified":"2022-02-24T14:12:16","modified_gmt":"2022-02-24T12:12:16","slug":"die-buecherei-st-stephanus-ist-jetzt-auch-wieder-sonntags-geoeffnet","status":"publish","type":"post","link":"https:\/\/koeb-stephanus.stludger-selm.de\/?p=1238","title":{"rendered":"Die B\u00fccherei St. Stephanus ist jetzt auch wieder sonntags ge\u00f6ffnet."},"content":{"rendered":"\n<p>Ab Sonntag, 27. Februar, k\u00f6nnen wieder die kompletten Ausleihzeiten von den ehrenamtlich B\u00fcchereimitarbeitern angeboten werden. Unter Einhaltung der aktuellen 2 G-Regeln wird also am Donnerstag und Sonntag die M\u00f6glichkeit zur Ausleihe von B\u00fcchern angeboten.\u00a0<\/p>\n\n\n\n<p>W\u00e4hrend der coronabedingten Zwangspause waren die Mitarbeiter innerhalb der B\u00fccherei flei\u00dfig und haben den kompletten Buchbestand durchgesehen und teilweise auch kindgerechter umgestellt.<\/p>\n\n\n\n<p>Lesestoff f\u00fcr gro\u00dfe und kleine Besucher der B\u00fccherei kann donnerstags von 14.30 \u2013 17.00 Uhr und sonntags von 10.00 bis 12.30 Uhr ausgeliehen werden.<\/p>\n","protected":false},"excerpt":{"rendered":"<p>Ab Sonntag, 27. Februar, k\u00f6nnen wieder die kompletten Ausleihzeiten von den ehrenamtlich B\u00fcchereimitarbeitern angeboten werden. Unter Einhaltung der aktuellen 2 G-Regeln wird also am Donnerstag und Sonntag die M\u00f6glichkeit zur Ausleihe von B\u00fcchern angeboten.\u00a0 W\u00e4hrend<\/p>\n","protected":false},"author":2,"featured_media":0,"comment_status":"closed","ping_status":"open","sticky":false,"template":"","format":"standard","meta":{"footnotes":""},"categories":[1],"tags":[],"class_list":["post-1238","post","type-post","status-publish","format-standard","hentry","category-allgemein"],"_links":{"self":[{"href":"https:\/\/koeb-stephanus.stludger-selm.de\/index.php?rest_route=\/wp\/v2\/posts\/1238","targetHints":{"allow":["GET"]}}],"collection":[{"href":"https:\/\/koeb-stephanus.stludger-selm.de\/index.php?rest_route=\/wp\/v2\/posts"}],"about":[{"href":"https:\/\/koeb-stephanus.stludger-selm.de\/index.php?rest_route=\/wp\/v2\/types\/post"}],"author":[{"embeddable":true,"href":"https:\/\/koeb-stephanus.stludger-selm.de\/index.php?rest_route=\/wp\/v2\/users\/2"}],"replies":[{"embeddable":true,"href":"https:\/\/koeb-stephanus.stludger-selm.de\/index.php?rest_route=%2Fwp%2Fv2%2Fcomments&post=1238"}],"version-history":[{"count":1,"href":"https:\/\/koeb-stephanus.stludger-selm.de\/index.php?rest_route=\/wp\/v2\/posts\/1238\/revisions"}],"predecessor-version":[{"id":1239,"href":"https:\/\/koeb-stephanus.stludger-selm.de\/index.php?rest_route=\/wp\/v2\/posts\/1238\/revisions\/1239"}],"wp:attachment":[{"href":"https:\/\/koeb-stephanus.stludger-selm.de\/index.php?rest_route=%2Fwp%2Fv2%2Fmedia&parent=1238"}],"wp:term":[{"taxonomy":"category","embeddable":true,"href":"https:\/\/koeb-stephanus.stludger-selm.de\/index.php?rest_route=%2Fwp%2Fv2%2Fcategories&post=1238"},{"taxonomy":"post_tag","embeddable":true,"href":"https:\/\/koeb-stephanus.stludger-selm.de\/index.php?rest_route=%2Fwp%2Fv2%2Ftags&post=1238"}],"curies":[{"name":"wp","href":"https:\/\/api.w.org\/{rel}","templated":true}]}}