{"id":1261,"date":"2023-01-16T15:36:22","date_gmt":"2023-01-16T13:36:22","guid":{"rendered":"https:\/\/koeb-stephanus.stludger-selm.de\/?p=1261"},"modified":"2023-01-16T15:36:22","modified_gmt":"2023-01-16T13:36:22","slug":"buchausstellung-am-sonntag-22-januar-2023","status":"publish","type":"post","link":"https:\/\/koeb-stephanus.stludger-selm.de\/?p=1261","title":{"rendered":"Buchausstellung am Sonntag, 22. Januar 2023"},"content":{"rendered":"\n<p>Die katholisch \u00f6ffentliche B\u00fccherei St. Stephanus, im Pfarrheim Weiherstrasse in Bork, l\u00e4dt am Sonntag, 22. Januar, zu einer Buchausstellung ein.<\/p>\n\n\n\n<p>Nach dreij\u00e4hriger Pause bietet das ehrenamtliche B\u00fcchereiteam der katholisch \u00f6ffentlichen B\u00fccherei St. Stephanus wieder eine Buchausstellung in den ihren R\u00e4umen im Pfarrheim Weiherstra\u00dfe in Bork an. Es gibt wieder neuen aktuellen Lesestoff, der im Rahmen einer verl\u00e4ngerten Ausleihe am kommenden Sonntag in netter Atmosph\u00e4re pr\u00e4sentiert wird und zur Ausleihe bereitsteht.<\/p>\n\n\n\n<p>Die \u00d6ffnungszeit am Sonntag, 22. Januar, ist in der Zeit von 10.00 bis 14.30 Uhr.<\/p>\n\n\n\n<p>Das B\u00fcchereiteam freut sich auf viele Besucher.<\/p>\n\n\n\n<p><\/p>\n","protected":false},"excerpt":{"rendered":"<p>Die katholisch \u00f6ffentliche B\u00fccherei St. Stephanus, im Pfarrheim Weiherstrasse in Bork, l\u00e4dt am Sonntag, 22. Januar, zu einer Buchausstellung ein. Nach dreij\u00e4hriger Pause bietet das ehrenamtliche B\u00fcchereiteam der katholisch \u00f6ffentlichen B\u00fccherei St. Stephanus wieder eine<\/p>\n","protected":false},"author":2,"featured_media":0,"comment_status":"closed","ping_status":"open","sticky":false,"template":"","format":"standard","meta":{"footnotes":""},"categories":[1],"tags":[],"class_list":["post-1261","post","type-post","status-publish","format-standard","hentry","category-allgemein"],"_links":{"self":[{"href":"https:\/\/koeb-stephanus.stludger-selm.de\/index.php?rest_route=\/wp\/v2\/posts\/1261","targetHints":{"allow":["GET"]}}],"collection":[{"href":"https:\/\/koeb-stephanus.stludger-selm.de\/index.php?rest_route=\/wp\/v2\/posts"}],"about":[{"href":"https:\/\/koeb-stephanus.stludger-selm.de\/index.php?rest_route=\/wp\/v2\/types\/post"}],"author":[{"embeddable":true,"href":"https:\/\/koeb-stephanus.stludger-selm.de\/index.php?rest_route=\/wp\/v2\/users\/2"}],"replies":[{"embeddable":true,"href":"https:\/\/koeb-stephanus.stludger-selm.de\/index.php?rest_route=%2Fwp%2Fv2%2Fcomments&post=1261"}],"version-history":[{"count":1,"href":"https:\/\/koeb-stephanus.stludger-selm.de\/index.php?rest_route=\/wp\/v2\/posts\/1261\/revisions"}],"predecessor-version":[{"id":1262,"href":"https:\/\/koeb-stephanus.stludger-selm.de\/index.php?rest_route=\/wp\/v2\/posts\/1261\/revisions\/1262"}],"wp:attachment":[{"href":"https:\/\/koeb-stephanus.stludger-selm.de\/index.php?rest_route=%2Fwp%2Fv2%2Fmedia&parent=1261"}],"wp:term":[{"taxonomy":"category","embeddable":true,"href":"https:\/\/koeb-stephanus.stludger-selm.de\/index.php?rest_route=%2Fwp%2Fv2%2Fcategories&post=1261"},{"taxonomy":"post_tag","embeddable":true,"href":"https:\/\/koeb-stephanus.stludger-selm.de\/index.php?rest_route=%2Fwp%2Fv2%2Ftags&post=1261"}],"curies":[{"name":"wp","href":"https:\/\/api.w.org\/{rel}","templated":true}]}}