{"id":1267,"date":"2023-03-28T22:16:31","date_gmt":"2023-03-28T20:16:31","guid":{"rendered":"https:\/\/koeb-stephanus.stludger-selm.de\/?p=1267"},"modified":"2023-03-28T22:16:31","modified_gmt":"2023-03-28T20:16:31","slug":"fruehlingsausstellung-in-der-buecherei-st-stephanus-bork","status":"publish","type":"post","link":"https:\/\/koeb-stephanus.stludger-selm.de\/?p=1267","title":{"rendered":"Fr\u00fchlingsausstellung in der B\u00fccherei St. Stephanus Bork"},"content":{"rendered":"\n<p>Die Natur drau\u00dfen erwacht und kommt bunt zum Vorschein. In der B\u00fccherei St. Stephanus kommt der Fr\u00fchling mit neuem Lesestoff und einer Bastelaktion!<\/p>\n\n\n\n<p>Am Sonntag, 2. April l\u00e4dt das B\u00fcchereiteam mit einer verl\u00e4ngerten \u00d6ffnungszeit von 10 \u2013 14 Uhr zur Fr\u00fchlingsausstellung in die R\u00e4umlichkeiten der B\u00fccherei ein. Es werden neue B\u00fccher zur Ausleihe pr\u00e4sentiert und f\u00fcr die kleinen Besucher gibt es passend zum Fr\u00fchling eine Bastelaktion.<\/p>\n\n\n\n<p>Das B\u00fcchereiteam freut sich auf viele Besucher.<\/p>\n","protected":false},"excerpt":{"rendered":"<p>Die Natur drau\u00dfen erwacht und kommt bunt zum Vorschein. In der B\u00fccherei St. Stephanus kommt der Fr\u00fchling mit neuem Lesestoff und einer Bastelaktion! Am Sonntag, 2. April l\u00e4dt das B\u00fcchereiteam mit einer verl\u00e4ngerten \u00d6ffnungszeit von<\/p>\n","protected":false},"author":2,"featured_media":0,"comment_status":"closed","ping_status":"open","sticky":false,"template":"","format":"standard","meta":{"footnotes":""},"categories":[1],"tags":[],"class_list":["post-1267","post","type-post","status-publish","format-standard","hentry","category-allgemein"],"_links":{"self":[{"href":"https:\/\/koeb-stephanus.stludger-selm.de\/index.php?rest_route=\/wp\/v2\/posts\/1267","targetHints":{"allow":["GET"]}}],"collection":[{"href":"https:\/\/koeb-stephanus.stludger-selm.de\/index.php?rest_route=\/wp\/v2\/posts"}],"about":[{"href":"https:\/\/koeb-stephanus.stludger-selm.de\/index.php?rest_route=\/wp\/v2\/types\/post"}],"author":[{"embeddable":true,"href":"https:\/\/koeb-stephanus.stludger-selm.de\/index.php?rest_route=\/wp\/v2\/users\/2"}],"replies":[{"embeddable":true,"href":"https:\/\/koeb-stephanus.stludger-selm.de\/index.php?rest_route=%2Fwp%2Fv2%2Fcomments&post=1267"}],"version-history":[{"count":1,"href":"https:\/\/koeb-stephanus.stludger-selm.de\/index.php?rest_route=\/wp\/v2\/posts\/1267\/revisions"}],"predecessor-version":[{"id":1268,"href":"https:\/\/koeb-stephanus.stludger-selm.de\/index.php?rest_route=\/wp\/v2\/posts\/1267\/revisions\/1268"}],"wp:attachment":[{"href":"https:\/\/koeb-stephanus.stludger-selm.de\/index.php?rest_route=%2Fwp%2Fv2%2Fmedia&parent=1267"}],"wp:term":[{"taxonomy":"category","embeddable":true,"href":"https:\/\/koeb-stephanus.stludger-selm.de\/index.php?rest_route=%2Fwp%2Fv2%2Fcategories&post=1267"},{"taxonomy":"post_tag","embeddable":true,"href":"https:\/\/koeb-stephanus.stludger-selm.de\/index.php?rest_route=%2Fwp%2Fv2%2Ftags&post=1267"}],"curies":[{"name":"wp","href":"https:\/\/api.w.org\/{rel}","templated":true}]}}