{"id":1281,"date":"2023-10-23T18:58:25","date_gmt":"2023-10-23T16:58:25","guid":{"rendered":"https:\/\/koeb-stephanus.stludger-selm.de\/?p=1281"},"modified":"2023-10-30T13:04:57","modified_gmt":"2023-10-30T11:04:57","slug":"buchvorstellung-mit-der-selmer-marktbuchhandlung-am-mittwoch-23-11-2023-um-1900-uhr","status":"publish","type":"post","link":"https:\/\/koeb-stephanus.stludger-selm.de\/?p=1281","title":{"rendered":"Buchvorstellung mit der Selmer Marktbuchhandlung Selm am Donnerstag, 23.11.2023 um 19:00 Uhr"},"content":{"rendered":"\n<p>Kaum ist die Buchmesse in Frankfurt beendet, m\u00f6chte die B\u00fccherei St. Stephanus in Bork schon darauf hinweisen, dass der Buchbestand wieder mit aktueller Literatur sowie mit Neuerscheinungen wie immer auf dem neuesten Stand ist.<\/p>\n\n\n\n<p>Vormerken sollten sich alle B\u00fccherfreunde einen ganz besonderen und beliebten Termin.<\/p>\n\n\n\n<p><strong><\/strong><\/p>\n\n\n\n<p>Am Donnerstag, <u class=\"\">23. November, um 19 Uhr, <\/u>l\u00e4dt das B\u00fcchereiteam gemeinsam mit der Marktbuchhandlung Selm in die Stephanus-Laube (Weiherstra\u00dfe, Bork) zu einer Buchvorstellung ein.<\/p>\n\n\n\n<p>In gem\u00fctlicher Runde werden bei einem Glas Wein aktuelle Neuerscheinungen und lesenswerte B\u00fccher durch die Marktbuchhandlung Selm vorgestellt<strong>.<\/strong><\/p>\n\n\n\n<p>Das ehrenamtliche B\u00fcchereiteam St. Stephanus freut sich wieder auf viele interessierte Besucher.<\/p>\n\n\n\n<p><\/p>\n","protected":false},"excerpt":{"rendered":"<p>Kaum ist die Buchmesse in Frankfurt beendet, m\u00f6chte die B\u00fccherei St. Stephanus in Bork schon darauf hinweisen, dass der Buchbestand wieder mit aktueller Literatur sowie mit Neuerscheinungen wie immer auf dem neuesten Stand ist. Vormerken<\/p>\n","protected":false},"author":2,"featured_media":0,"comment_status":"closed","ping_status":"open","sticky":false,"template":"","format":"standard","meta":{"footnotes":""},"categories":[1],"tags":[],"class_list":["post-1281","post","type-post","status-publish","format-standard","hentry","category-allgemein"],"_links":{"self":[{"href":"https:\/\/koeb-stephanus.stludger-selm.de\/index.php?rest_route=\/wp\/v2\/posts\/1281","targetHints":{"allow":["GET"]}}],"collection":[{"href":"https:\/\/koeb-stephanus.stludger-selm.de\/index.php?rest_route=\/wp\/v2\/posts"}],"about":[{"href":"https:\/\/koeb-stephanus.stludger-selm.de\/index.php?rest_route=\/wp\/v2\/types\/post"}],"author":[{"embeddable":true,"href":"https:\/\/koeb-stephanus.stludger-selm.de\/index.php?rest_route=\/wp\/v2\/users\/2"}],"replies":[{"embeddable":true,"href":"https:\/\/koeb-stephanus.stludger-selm.de\/index.php?rest_route=%2Fwp%2Fv2%2Fcomments&post=1281"}],"version-history":[{"count":3,"href":"https:\/\/koeb-stephanus.stludger-selm.de\/index.php?rest_route=\/wp\/v2\/posts\/1281\/revisions"}],"predecessor-version":[{"id":1290,"href":"https:\/\/koeb-stephanus.stludger-selm.de\/index.php?rest_route=\/wp\/v2\/posts\/1281\/revisions\/1290"}],"wp:attachment":[{"href":"https:\/\/koeb-stephanus.stludger-selm.de\/index.php?rest_route=%2Fwp%2Fv2%2Fmedia&parent=1281"}],"wp:term":[{"taxonomy":"category","embeddable":true,"href":"https:\/\/koeb-stephanus.stludger-selm.de\/index.php?rest_route=%2Fwp%2Fv2%2Fcategories&post=1281"},{"taxonomy":"post_tag","embeddable":true,"href":"https:\/\/koeb-stephanus.stludger-selm.de\/index.php?rest_route=%2Fwp%2Fv2%2Ftags&post=1281"}],"curies":[{"name":"wp","href":"https:\/\/api.w.org\/{rel}","templated":true}]}}