{"id":1301,"date":"2024-03-07T09:57:22","date_gmt":"2024-03-07T07:57:22","guid":{"rendered":"https:\/\/koeb-stephanus.stludger-selm.de\/?p=1301"},"modified":"2024-03-07T09:57:22","modified_gmt":"2024-03-07T07:57:22","slug":"fruehlingsausstellung-in-der-buecherei-st-stephanus-bork-2","status":"publish","type":"post","link":"https:\/\/koeb-stephanus.stludger-selm.de\/?p=1301","title":{"rendered":"Fr\u00fchlingsausstellung in der B\u00fccherei St. Stephanus Bork"},"content":{"rendered":"\n<p>Am Sonntag, 24. M\u00e4rz l\u00e4dt das B\u00fcchereiteam mit einer verl\u00e4ngerten \u00d6ffnungszeit von 10 \u2013 14 Uhr zur Fr\u00fchlingsausstellung in die R\u00e4umlichkeiten der B\u00fccherei ein. Es werden neue B\u00fccher zur Ausleihe pr\u00e4sentiert.<\/p>\n\n\n<p>Am Ostersonntag bleibt die B\u00fccherei geschlossen.<br \/>W\u00e4hrend der Osterferien \u00f6ffnet die B\u00fccherei donnerstags zwischen 14:30 und<br \/>17:00 Uhr und sonntags zwischen 10:00 und 12:30 Uhr.<\/p>\n<p><!-- \/wp:post-content --><!-- wp:paragraph --><\/p>\n\n<!-- wp:paragraph -->\n<p>Die B\u00fccherei St. Stephanus Bork w\u00fcnscht Ihnen frohe Osterfeiertage!<\/p>\n<!-- \/wp:paragraph -->\n\n<!-- wp:paragraph -->\n<p><\/p>\n<!-- \/wp:paragraph -->\n\n<!-- wp:image {\"id\":1302,\"sizeSlug\":\"large\",\"linkDestination\":\"media\"} -->\n<figure class=\"wp-block-image size-large\"><a href=\"https:\/\/koeb-stephanus.stludger-selm.de\/wp-content\/uploads\/2024\/03\/2024-02-19-Mitarbeiter-Buecherei-1.jpg\"><img loading=\"lazy\" decoding=\"async\" width=\"1024\" height=\"607\" src=\"https:\/\/koeb-stephanus.stludger-selm.de\/wp-content\/uploads\/2024\/03\/2024-02-19-Mitarbeiter-Buecherei-1-1024x607.jpg\" alt=\"\" class=\"wp-image-1302\" srcset=\"https:\/\/koeb-stephanus.stludger-selm.de\/wp-content\/uploads\/2024\/03\/2024-02-19-Mitarbeiter-Buecherei-1-1024x607.jpg 1024w, https:\/\/koeb-stephanus.stludger-selm.de\/wp-content\/uploads\/2024\/03\/2024-02-19-Mitarbeiter-Buecherei-1-300x178.jpg 300w, https:\/\/koeb-stephanus.stludger-selm.de\/wp-content\/uploads\/2024\/03\/2024-02-19-Mitarbeiter-Buecherei-1-768x455.jpg 768w, https:\/\/koeb-stephanus.stludger-selm.de\/wp-content\/uploads\/2024\/03\/2024-02-19-Mitarbeiter-Buecherei-1.jpg 1395w\" sizes=\"auto, (max-width: 1024px) 100vw, 1024px\" \/><\/a><\/figure>\n<!-- \/wp:image -->","protected":false},"excerpt":{"rendered":"<p>Am Sonntag, 24. M\u00e4rz l\u00e4dt das B\u00fcchereiteam mit einer verl\u00e4ngerten \u00d6ffnungszeit von 10 \u2013 14 Uhr zur Fr\u00fchlingsausstellung in die R\u00e4umlichkeiten der B\u00fccherei ein. Es werden neue B\u00fccher zur Ausleihe pr\u00e4sentiert. Am Ostersonntag bleibt die<\/p>\n","protected":false},"author":2,"featured_media":0,"comment_status":"closed","ping_status":"open","sticky":false,"template":"","format":"standard","meta":{"footnotes":""},"categories":[1],"tags":[],"class_list":["post-1301","post","type-post","status-publish","format-standard","hentry","category-allgemein"],"_links":{"self":[{"href":"https:\/\/koeb-stephanus.stludger-selm.de\/index.php?rest_route=\/wp\/v2\/posts\/1301","targetHints":{"allow":["GET"]}}],"collection":[{"href":"https:\/\/koeb-stephanus.stludger-selm.de\/index.php?rest_route=\/wp\/v2\/posts"}],"about":[{"href":"https:\/\/koeb-stephanus.stludger-selm.de\/index.php?rest_route=\/wp\/v2\/types\/post"}],"author":[{"embeddable":true,"href":"https:\/\/koeb-stephanus.stludger-selm.de\/index.php?rest_route=\/wp\/v2\/users\/2"}],"replies":[{"embeddable":true,"href":"https:\/\/koeb-stephanus.stludger-selm.de\/index.php?rest_route=%2Fwp%2Fv2%2Fcomments&post=1301"}],"version-history":[{"count":3,"href":"https:\/\/koeb-stephanus.stludger-selm.de\/index.php?rest_route=\/wp\/v2\/posts\/1301\/revisions"}],"predecessor-version":[{"id":1305,"href":"https:\/\/koeb-stephanus.stludger-selm.de\/index.php?rest_route=\/wp\/v2\/posts\/1301\/revisions\/1305"}],"wp:attachment":[{"href":"https:\/\/koeb-stephanus.stludger-selm.de\/index.php?rest_route=%2Fwp%2Fv2%2Fmedia&parent=1301"}],"wp:term":[{"taxonomy":"category","embeddable":true,"href":"https:\/\/koeb-stephanus.stludger-selm.de\/index.php?rest_route=%2Fwp%2Fv2%2Fcategories&post=1301"},{"taxonomy":"post_tag","embeddable":true,"href":"https:\/\/koeb-stephanus.stludger-selm.de\/index.php?rest_route=%2Fwp%2Fv2%2Ftags&post=1301"}],"curies":[{"name":"wp","href":"https:\/\/api.w.org\/{rel}","templated":true}]}}