{"id":1309,"date":"2024-03-21T10:40:58","date_gmt":"2024-03-21T08:40:58","guid":{"rendered":"https:\/\/koeb-stephanus.stludger-selm.de\/?p=1309"},"modified":"2024-03-21T10:40:58","modified_gmt":"2024-03-21T08:40:58","slug":"aktuelles-aus-der-buecherei-st-stephanus","status":"publish","type":"post","link":"https:\/\/koeb-stephanus.stludger-selm.de\/?p=1309","title":{"rendered":"Aktuelles aus der B\u00fccherei St. Stephanus"},"content":{"rendered":"\n<p><strong>Am kommenden Sonntag, 24. M\u00e4rz, ist ein Fr\u00fchlingserwachen in der B\u00fccherei.<\/strong><\/p>\n\n\n\n<p><strong>Es wird neuer Lesestoff f\u00fcr gro\u00dfe und kleine Leser pr\u00e4sentiert und ausgeliehen.&nbsp;<\/strong><\/p>\n\n\n\n<p><strong>Die \u00d6ffnungszeit&nbsp; wird daher verl\u00e4ngert&nbsp;von 10 bis 14 Uhr. Au\u00dferdem gibt es ein Bastelangebot f\u00fcr Kinder ab drei Jahre.<\/strong><\/p>\n\n\n\n<p><strong>Hingewiesen wird auch schon auf eine verl\u00e4ngerte \u00d6ffnungszeit der B\u00fccherei&nbsp;am&nbsp;<\/strong><strong>Freitag, 19. April.&nbsp;<\/strong><\/p>\n\n\n\n<p><strong>W\u00e4hrend der Aktion \u201eG\u00e4nsebl\u00fcmchen\u201c im Pfarrheim &nbsp;<\/strong><strong>von 19 \u2013 22 Uhr.<\/strong><\/p>\n\n\n\n<p><strong>In diesem Zeitraum wird die B\u00fccherei ebenfalls ge\u00f6ffnet sein.<\/strong><\/p>\n\n\n\n<p><strong>Das B\u00fcchereiteam freut sich auf viele interessierte Besucher!<\/strong><\/p>\n","protected":false},"excerpt":{"rendered":"<p>Am kommenden Sonntag, 24. M\u00e4rz, ist ein Fr\u00fchlingserwachen in der B\u00fccherei. Es wird neuer Lesestoff f\u00fcr gro\u00dfe und kleine Leser pr\u00e4sentiert und ausgeliehen.&nbsp; Die \u00d6ffnungszeit&nbsp; wird daher verl\u00e4ngert&nbsp;von 10 bis 14 Uhr. Au\u00dferdem gibt es<\/p>\n","protected":false},"author":2,"featured_media":0,"comment_status":"closed","ping_status":"open","sticky":false,"template":"","format":"standard","meta":{"footnotes":""},"categories":[1],"tags":[],"class_list":["post-1309","post","type-post","status-publish","format-standard","hentry","category-allgemein"],"_links":{"self":[{"href":"https:\/\/koeb-stephanus.stludger-selm.de\/index.php?rest_route=\/wp\/v2\/posts\/1309","targetHints":{"allow":["GET"]}}],"collection":[{"href":"https:\/\/koeb-stephanus.stludger-selm.de\/index.php?rest_route=\/wp\/v2\/posts"}],"about":[{"href":"https:\/\/koeb-stephanus.stludger-selm.de\/index.php?rest_route=\/wp\/v2\/types\/post"}],"author":[{"embeddable":true,"href":"https:\/\/koeb-stephanus.stludger-selm.de\/index.php?rest_route=\/wp\/v2\/users\/2"}],"replies":[{"embeddable":true,"href":"https:\/\/koeb-stephanus.stludger-selm.de\/index.php?rest_route=%2Fwp%2Fv2%2Fcomments&post=1309"}],"version-history":[{"count":1,"href":"https:\/\/koeb-stephanus.stludger-selm.de\/index.php?rest_route=\/wp\/v2\/posts\/1309\/revisions"}],"predecessor-version":[{"id":1310,"href":"https:\/\/koeb-stephanus.stludger-selm.de\/index.php?rest_route=\/wp\/v2\/posts\/1309\/revisions\/1310"}],"wp:attachment":[{"href":"https:\/\/koeb-stephanus.stludger-selm.de\/index.php?rest_route=%2Fwp%2Fv2%2Fmedia&parent=1309"}],"wp:term":[{"taxonomy":"category","embeddable":true,"href":"https:\/\/koeb-stephanus.stludger-selm.de\/index.php?rest_route=%2Fwp%2Fv2%2Fcategories&post=1309"},{"taxonomy":"post_tag","embeddable":true,"href":"https:\/\/koeb-stephanus.stludger-selm.de\/index.php?rest_route=%2Fwp%2Fv2%2Ftags&post=1309"}],"curies":[{"name":"wp","href":"https:\/\/api.w.org\/{rel}","templated":true}]}}