{"id":1319,"date":"2024-11-14T20:21:12","date_gmt":"2024-11-14T18:21:12","guid":{"rendered":"https:\/\/koeb-stephanus.stludger-selm.de\/?p=1319"},"modified":"2024-11-14T20:21:12","modified_gmt":"2024-11-14T18:21:12","slug":"buchvorstellung-mit-der-selmer-marktbuchhandlung-selm-am-mittwoch-20-11-2024-um-1900-uhr","status":"publish","type":"post","link":"https:\/\/koeb-stephanus.stludger-selm.de\/?p=1319","title":{"rendered":"Buchvorstellung mit der Selmer Marktbuchhandlung Selm am Mittwoch, 20.11.2024 um 19:00 Uhr"},"content":{"rendered":"\n<p>Vormerken sollten sich alle B\u00fccherfreunde diesen besonderen und beliebten Termin.<\/p>\n\n\n\n<p>Das B\u00fcchereiteam l\u00e4d am Mittwoch, <u class=\"\">20. November, um 19 Uhr,<\/u> gemeinsam mit der Marktbuchhandlung Selm in die Stephanus-Laube (Weiherstra\u00dfe, Bork) zu der traditionellen Buchvorstellung ein.<\/p>\n\n\n\n<p>In gem\u00fctlicher Runde werden aktuelle Neuerscheinungen und lesenswerte B\u00fccher durch die Marktbuchhandlung Selm vorgestellt<strong>.<\/strong><\/p>\n\n\n\n<p>Das ehrenamtliche B\u00fcchereiteam St. Stephanus freut sich wieder auf viele interessierte Besucher.<\/p>\n\n\n\n<figure class=\"wp-block-image size-large\"><a href=\"https:\/\/koeb-stephanus.stludger-selm.de\/wp-content\/uploads\/2024\/11\/buchvorstellung_einladung_2024.jpg\"><img loading=\"lazy\" decoding=\"async\" width=\"698\" height=\"1024\" src=\"https:\/\/koeb-stephanus.stludger-selm.de\/wp-content\/uploads\/2024\/11\/buchvorstellung_einladung_2024-698x1024.jpg\" alt=\"\" class=\"wp-image-1321\" srcset=\"https:\/\/koeb-stephanus.stludger-selm.de\/wp-content\/uploads\/2024\/11\/buchvorstellung_einladung_2024-698x1024.jpg 698w, https:\/\/koeb-stephanus.stludger-selm.de\/wp-content\/uploads\/2024\/11\/buchvorstellung_einladung_2024-204x300.jpg 204w, https:\/\/koeb-stephanus.stludger-selm.de\/wp-content\/uploads\/2024\/11\/buchvorstellung_einladung_2024-768x1127.jpg 768w, https:\/\/koeb-stephanus.stludger-selm.de\/wp-content\/uploads\/2024\/11\/buchvorstellung_einladung_2024.jpg 805w\" sizes=\"auto, (max-width: 698px) 100vw, 698px\" \/><\/a><\/figure>\n","protected":false},"excerpt":{"rendered":"<p>Vormerken sollten sich alle B\u00fccherfreunde diesen besonderen und beliebten Termin. Das B\u00fcchereiteam l\u00e4d am Mittwoch, 20. November, um 19 Uhr, gemeinsam mit der Marktbuchhandlung Selm in die Stephanus-Laube (Weiherstra\u00dfe, Bork) zu der traditionellen Buchvorstellung ein.<\/p>\n","protected":false},"author":2,"featured_media":0,"comment_status":"closed","ping_status":"open","sticky":false,"template":"","format":"standard","meta":{"footnotes":""},"categories":[1],"tags":[],"class_list":["post-1319","post","type-post","status-publish","format-standard","hentry","category-allgemein"],"_links":{"self":[{"href":"https:\/\/koeb-stephanus.stludger-selm.de\/index.php?rest_route=\/wp\/v2\/posts\/1319","targetHints":{"allow":["GET"]}}],"collection":[{"href":"https:\/\/koeb-stephanus.stludger-selm.de\/index.php?rest_route=\/wp\/v2\/posts"}],"about":[{"href":"https:\/\/koeb-stephanus.stludger-selm.de\/index.php?rest_route=\/wp\/v2\/types\/post"}],"author":[{"embeddable":true,"href":"https:\/\/koeb-stephanus.stludger-selm.de\/index.php?rest_route=\/wp\/v2\/users\/2"}],"replies":[{"embeddable":true,"href":"https:\/\/koeb-stephanus.stludger-selm.de\/index.php?rest_route=%2Fwp%2Fv2%2Fcomments&post=1319"}],"version-history":[{"count":2,"href":"https:\/\/koeb-stephanus.stludger-selm.de\/index.php?rest_route=\/wp\/v2\/posts\/1319\/revisions"}],"predecessor-version":[{"id":1322,"href":"https:\/\/koeb-stephanus.stludger-selm.de\/index.php?rest_route=\/wp\/v2\/posts\/1319\/revisions\/1322"}],"wp:attachment":[{"href":"https:\/\/koeb-stephanus.stludger-selm.de\/index.php?rest_route=%2Fwp%2Fv2%2Fmedia&parent=1319"}],"wp:term":[{"taxonomy":"category","embeddable":true,"href":"https:\/\/koeb-stephanus.stludger-selm.de\/index.php?rest_route=%2Fwp%2Fv2%2Fcategories&post=1319"},{"taxonomy":"post_tag","embeddable":true,"href":"https:\/\/koeb-stephanus.stludger-selm.de\/index.php?rest_route=%2Fwp%2Fv2%2Ftags&post=1319"}],"curies":[{"name":"wp","href":"https:\/\/api.w.org\/{rel}","templated":true}]}}