{"id":1343,"date":"2025-02-11T13:27:13","date_gmt":"2025-02-11T11:27:13","guid":{"rendered":"https:\/\/koeb-stephanus.stludger-selm.de\/?p=1343"},"modified":"2025-02-11T13:36:22","modified_gmt":"2025-02-11T11:36:22","slug":"neu-vorlesen-in-der-buecherei-st-stephanus","status":"publish","type":"post","link":"https:\/\/koeb-stephanus.stludger-selm.de\/?p=1343","title":{"rendered":"Neu: Vorlesen in der B\u00fccherei St. Stephanus"},"content":{"rendered":"\n<p>Ab Sonntag, 9. M\u00e4rz werden w\u00e4hrend der \u00d6ffnungszeiten Vorlesestunden f\u00fcr Kinder ab 3 Jahren angeboten. Alle Termine finden Sie unter Aktuelles &#8211; <a href=\"https:\/\/koeb-stephanus.stludger-selm.de\/?page_id=202\">Termine<\/a>.<\/p>\n\n\n\n<figure class=\"wp-block-image size-full\"><a href=\"https:\/\/koeb-stephanus.stludger-selm.de\/wp-content\/uploads\/2025\/02\/Vorlesestunde.jpg\"><img loading=\"lazy\" decoding=\"async\" width=\"657\" height=\"931\" src=\"https:\/\/koeb-stephanus.stludger-selm.de\/wp-content\/uploads\/2025\/02\/Vorlesestunde.jpg\" alt=\"\" class=\"wp-image-1341\" srcset=\"https:\/\/koeb-stephanus.stludger-selm.de\/wp-content\/uploads\/2025\/02\/Vorlesestunde.jpg 657w, https:\/\/koeb-stephanus.stludger-selm.de\/wp-content\/uploads\/2025\/02\/Vorlesestunde-212x300.jpg 212w\" sizes=\"auto, (max-width: 657px) 100vw, 657px\" \/><\/a><\/figure>\n","protected":false},"excerpt":{"rendered":"<p>Ab Sonntag, 9. M\u00e4rz werden w\u00e4hrend der \u00d6ffnungszeiten Vorlesestunden f\u00fcr Kinder ab 3 Jahren angeboten. Alle Termine finden Sie unter Aktuelles &#8211; Termine.<\/p>\n","protected":false},"author":2,"featured_media":0,"comment_status":"closed","ping_status":"open","sticky":false,"template":"","format":"standard","meta":{"footnotes":""},"categories":[1],"tags":[],"class_list":["post-1343","post","type-post","status-publish","format-standard","hentry","category-allgemein"],"_links":{"self":[{"href":"https:\/\/koeb-stephanus.stludger-selm.de\/index.php?rest_route=\/wp\/v2\/posts\/1343","targetHints":{"allow":["GET"]}}],"collection":[{"href":"https:\/\/koeb-stephanus.stludger-selm.de\/index.php?rest_route=\/wp\/v2\/posts"}],"about":[{"href":"https:\/\/koeb-stephanus.stludger-selm.de\/index.php?rest_route=\/wp\/v2\/types\/post"}],"author":[{"embeddable":true,"href":"https:\/\/koeb-stephanus.stludger-selm.de\/index.php?rest_route=\/wp\/v2\/users\/2"}],"replies":[{"embeddable":true,"href":"https:\/\/koeb-stephanus.stludger-selm.de\/index.php?rest_route=%2Fwp%2Fv2%2Fcomments&post=1343"}],"version-history":[{"count":3,"href":"https:\/\/koeb-stephanus.stludger-selm.de\/index.php?rest_route=\/wp\/v2\/posts\/1343\/revisions"}],"predecessor-version":[{"id":1347,"href":"https:\/\/koeb-stephanus.stludger-selm.de\/index.php?rest_route=\/wp\/v2\/posts\/1343\/revisions\/1347"}],"wp:attachment":[{"href":"https:\/\/koeb-stephanus.stludger-selm.de\/index.php?rest_route=%2Fwp%2Fv2%2Fmedia&parent=1343"}],"wp:term":[{"taxonomy":"category","embeddable":true,"href":"https:\/\/koeb-stephanus.stludger-selm.de\/index.php?rest_route=%2Fwp%2Fv2%2Fcategories&post=1343"},{"taxonomy":"post_tag","embeddable":true,"href":"https:\/\/koeb-stephanus.stludger-selm.de\/index.php?rest_route=%2Fwp%2Fv2%2Ftags&post=1343"}],"curies":[{"name":"wp","href":"https:\/\/api.w.org\/{rel}","templated":true}]}}