{"id":20,"date":"2013-03-16T00:00:03","date_gmt":"2013-03-15T23:00:03","guid":{"rendered":"http:\/\/koeb-stephanus.stludger-selm.de\/?p=20"},"modified":"2013-03-16T00:00:03","modified_gmt":"2013-03-15T23:00:03","slug":"umzug-fur-den-umbau","status":"publish","type":"post","link":"https:\/\/koeb-stephanus.stludger-selm.de\/?p=20","title":{"rendered":"Umzug f\u00fcr den Umbau"},"content":{"rendered":"<p>Die K\u00d6B St. Stephanus wird wegen des Umbaus der Kita St. Stephanus aus dem Pfarrheim in die Hauptstra\u00dfe 23 umziehen&#8230;<\/p>\n<p>Die Ruhrnachrichten berichten:<\/p>\n<blockquote>\n<div><a title=\"K\u00d6B zieht in die Hauptstra\u00dfe\" href=\"http:\/\/www.ruhrnachrichten.de\/lokales\/selm\/Buecherei-zieht-an-die-Hauptstrasse;art931,1711948\" target=\"_blank\">Die B\u00fccherei zog, verpackt in \u00fcber 100 Kartons, vom Jugendheim St. Stephanus in den Gesch\u00e4ftsraum mitten im Dorfkern um. Das Haus an der Hauptstra\u00dfe geh\u00f6rt der katholischen Kirche, die gleichzeitig Tr\u00e4ger der B\u00fccherei ist.<\/a><\/div>\n<\/blockquote>\n<p>&nbsp;<\/p>\n","protected":false},"excerpt":{"rendered":"<p>Die K\u00d6B St. Stephanus wird wegen des Umbaus der Kita St. Stephanus aus dem Pfarrheim in die Hauptstra\u00dfe 23 umziehen&#8230; Die Ruhrnachrichten berichten: Die B\u00fccherei zog, verpackt in \u00fcber 100 Kartons, vom Jugendheim St. Stephanus<\/p>\n","protected":false},"author":1,"featured_media":0,"comment_status":"closed","ping_status":"open","sticky":false,"template":"","format":"aside","meta":{"footnotes":""},"categories":[1],"tags":[],"class_list":["post-20","post","type-post","status-publish","format-aside","hentry","category-allgemein","post_format-post-format-aside"],"_links":{"self":[{"href":"https:\/\/koeb-stephanus.stludger-selm.de\/index.php?rest_route=\/wp\/v2\/posts\/20","targetHints":{"allow":["GET"]}}],"collection":[{"href":"https:\/\/koeb-stephanus.stludger-selm.de\/index.php?rest_route=\/wp\/v2\/posts"}],"about":[{"href":"https:\/\/koeb-stephanus.stludger-selm.de\/index.php?rest_route=\/wp\/v2\/types\/post"}],"author":[{"embeddable":true,"href":"https:\/\/koeb-stephanus.stludger-selm.de\/index.php?rest_route=\/wp\/v2\/users\/1"}],"replies":[{"embeddable":true,"href":"https:\/\/koeb-stephanus.stludger-selm.de\/index.php?rest_route=%2Fwp%2Fv2%2Fcomments&post=20"}],"version-history":[{"count":0,"href":"https:\/\/koeb-stephanus.stludger-selm.de\/index.php?rest_route=\/wp\/v2\/posts\/20\/revisions"}],"wp:attachment":[{"href":"https:\/\/koeb-stephanus.stludger-selm.de\/index.php?rest_route=%2Fwp%2Fv2%2Fmedia&parent=20"}],"wp:term":[{"taxonomy":"category","embeddable":true,"href":"https:\/\/koeb-stephanus.stludger-selm.de\/index.php?rest_route=%2Fwp%2Fv2%2Fcategories&post=20"},{"taxonomy":"post_tag","embeddable":true,"href":"https:\/\/koeb-stephanus.stludger-selm.de\/index.php?rest_route=%2Fwp%2Fv2%2Ftags&post=20"}],"curies":[{"name":"wp","href":"https:\/\/api.w.org\/{rel}","templated":true}]}}