{"id":365,"date":"2014-06-20T20:55:44","date_gmt":"2014-06-20T18:55:44","guid":{"rendered":"http:\/\/koeb-stephanus.stludger-selm.de\/?p=365"},"modified":"2014-07-10T16:31:43","modified_gmt":"2014-07-10T14:31:43","slug":"oeffnungszeiten-waehrend-der-sommerferien","status":"publish","type":"post","link":"https:\/\/koeb-stephanus.stludger-selm.de\/?p=365","title":{"rendered":"\u00d6ffnungszeiten w\u00e4hrend der Sommerferien"},"content":{"rendered":"<p>Die B\u00fccherei bleibt in den Sommerferien an folgenden Donnerstagen geschlossen:<br \/>\n10. , 17. und 24. Juli 2014.<br \/>\nAnsonsten gelten die \u00fcblichen \u00d6ffnungszeiten.<\/p>\n<p>Ab 29. Juni 2014 sind die Neuanschaffungen zur Ausleihe bereit!<br \/>\nBesuchen Sie uns und besorgen Sie sich Lesestoff f\u00fcr die Sommerferien!<\/p>\n<p><a href=\"http:\/\/koeb-stephanus.stludger-selm.de\/wp-content\/uploads\/2014\/06\/schoene-ferien-3.png\"><img loading=\"lazy\" decoding=\"async\" class=\"alignnone size-medium wp-image-330\" alt=\"schoene-ferien (3)\" src=\"http:\/\/koeb-stephanus.stludger-selm.de\/wp-content\/uploads\/2014\/06\/schoene-ferien-3-300x89.png\" width=\"300\" height=\"89\" srcset=\"https:\/\/koeb-stephanus.stludger-selm.de\/wp-content\/uploads\/2014\/06\/schoene-ferien-3-300x89.png 300w, https:\/\/koeb-stephanus.stludger-selm.de\/wp-content\/uploads\/2014\/06\/schoene-ferien-3.png 502w\" sizes=\"auto, (max-width: 300px) 100vw, 300px\" \/><\/a><\/p>\n","protected":false},"excerpt":{"rendered":"<p>Die B\u00fccherei bleibt in den Sommerferien an folgenden Donnerstagen geschlossen: 10. , 17. und 24. Juli 2014. Ansonsten gelten die \u00fcblichen \u00d6ffnungszeiten. Ab 29. Juni 2014 sind die Neuanschaffungen zur Ausleihe bereit! Besuchen Sie uns<\/p>\n","protected":false},"author":2,"featured_media":0,"comment_status":"closed","ping_status":"closed","sticky":false,"template":"","format":"standard","meta":{"footnotes":""},"categories":[1],"tags":[],"class_list":["post-365","post","type-post","status-publish","format-standard","hentry","category-allgemein"],"_links":{"self":[{"href":"https:\/\/koeb-stephanus.stludger-selm.de\/index.php?rest_route=\/wp\/v2\/posts\/365","targetHints":{"allow":["GET"]}}],"collection":[{"href":"https:\/\/koeb-stephanus.stludger-selm.de\/index.php?rest_route=\/wp\/v2\/posts"}],"about":[{"href":"https:\/\/koeb-stephanus.stludger-selm.de\/index.php?rest_route=\/wp\/v2\/types\/post"}],"author":[{"embeddable":true,"href":"https:\/\/koeb-stephanus.stludger-selm.de\/index.php?rest_route=\/wp\/v2\/users\/2"}],"replies":[{"embeddable":true,"href":"https:\/\/koeb-stephanus.stludger-selm.de\/index.php?rest_route=%2Fwp%2Fv2%2Fcomments&post=365"}],"version-history":[{"count":4,"href":"https:\/\/koeb-stephanus.stludger-selm.de\/index.php?rest_route=\/wp\/v2\/posts\/365\/revisions"}],"predecessor-version":[{"id":387,"href":"https:\/\/koeb-stephanus.stludger-selm.de\/index.php?rest_route=\/wp\/v2\/posts\/365\/revisions\/387"}],"wp:attachment":[{"href":"https:\/\/koeb-stephanus.stludger-selm.de\/index.php?rest_route=%2Fwp%2Fv2%2Fmedia&parent=365"}],"wp:term":[{"taxonomy":"category","embeddable":true,"href":"https:\/\/koeb-stephanus.stludger-selm.de\/index.php?rest_route=%2Fwp%2Fv2%2Fcategories&post=365"},{"taxonomy":"post_tag","embeddable":true,"href":"https:\/\/koeb-stephanus.stludger-selm.de\/index.php?rest_route=%2Fwp%2Fv2%2Ftags&post=365"}],"curies":[{"name":"wp","href":"https:\/\/api.w.org\/{rel}","templated":true}]}}