{"id":402,"date":"2014-09-07T12:54:04","date_gmt":"2014-09-07T10:54:04","guid":{"rendered":"http:\/\/koeb-stephanus.stludger-selm.de\/?p=402"},"modified":"2014-09-09T19:57:09","modified_gmt":"2014-09-09T17:57:09","slug":"neue-buecher-und-oeffnungszeiten-waehrend-der-herbstferien","status":"publish","type":"post","link":"https:\/\/koeb-stephanus.stludger-selm.de\/?p=402","title":{"rendered":"Neue B\u00fccher und \u00d6ffnungszeiten w\u00e4hrend der Herbstferien"},"content":{"rendered":"<p>Wir haben wieder einige neue B\u00fccher in der Ausleihe. Eine Auswahl finden Sie unter <a href=\"http:\/\/koeb-stephanus.stludger-selm.de\/?page_id=397\" target=\"_blank\">Medienangebote<\/a>!<\/p>\n<p><a href=\"http:\/\/koeb-stephanus.stludger-selm.de\/wp-content\/uploads\/2014\/09\/TT-Buecherherbst-1.jpg\"><img loading=\"lazy\" decoding=\"async\" class=\"alignnone size-medium wp-image-403\" alt=\"Lesen im Herbst\" src=\"http:\/\/koeb-stephanus.stludger-selm.de\/wp-content\/uploads\/2014\/09\/TT-Buecherherbst-1-300x109.jpg\" width=\"300\" height=\"109\" srcset=\"https:\/\/koeb-stephanus.stludger-selm.de\/wp-content\/uploads\/2014\/09\/TT-Buecherherbst-1-300x109.jpg 300w, https:\/\/koeb-stephanus.stludger-selm.de\/wp-content\/uploads\/2014\/09\/TT-Buecherherbst-1.jpg 656w\" sizes=\"auto, (max-width: 300px) 100vw, 300px\" \/><\/a><\/p>\n<p>Unsere B\u00fccherei bleibt w\u00e4hrend der Herbstferien nur am Sonntag, 05.10.2014 geschlossen!<\/p>\n","protected":false},"excerpt":{"rendered":"<p>Wir haben wieder einige neue B\u00fccher in der Ausleihe. Eine Auswahl finden Sie unter Medienangebote! Unsere B\u00fccherei bleibt w\u00e4hrend der Herbstferien nur am Sonntag, 05.10.2014 geschlossen!<\/p>\n","protected":false},"author":2,"featured_media":0,"comment_status":"closed","ping_status":"closed","sticky":false,"template":"","format":"standard","meta":{"footnotes":""},"categories":[1],"tags":[],"class_list":["post-402","post","type-post","status-publish","format-standard","hentry","category-allgemein"],"_links":{"self":[{"href":"https:\/\/koeb-stephanus.stludger-selm.de\/index.php?rest_route=\/wp\/v2\/posts\/402","targetHints":{"allow":["GET"]}}],"collection":[{"href":"https:\/\/koeb-stephanus.stludger-selm.de\/index.php?rest_route=\/wp\/v2\/posts"}],"about":[{"href":"https:\/\/koeb-stephanus.stludger-selm.de\/index.php?rest_route=\/wp\/v2\/types\/post"}],"author":[{"embeddable":true,"href":"https:\/\/koeb-stephanus.stludger-selm.de\/index.php?rest_route=\/wp\/v2\/users\/2"}],"replies":[{"embeddable":true,"href":"https:\/\/koeb-stephanus.stludger-selm.de\/index.php?rest_route=%2Fwp%2Fv2%2Fcomments&post=402"}],"version-history":[{"count":1,"href":"https:\/\/koeb-stephanus.stludger-selm.de\/index.php?rest_route=\/wp\/v2\/posts\/402\/revisions"}],"predecessor-version":[{"id":404,"href":"https:\/\/koeb-stephanus.stludger-selm.de\/index.php?rest_route=\/wp\/v2\/posts\/402\/revisions\/404"}],"wp:attachment":[{"href":"https:\/\/koeb-stephanus.stludger-selm.de\/index.php?rest_route=%2Fwp%2Fv2%2Fmedia&parent=402"}],"wp:term":[{"taxonomy":"category","embeddable":true,"href":"https:\/\/koeb-stephanus.stludger-selm.de\/index.php?rest_route=%2Fwp%2Fv2%2Fcategories&post=402"},{"taxonomy":"post_tag","embeddable":true,"href":"https:\/\/koeb-stephanus.stludger-selm.de\/index.php?rest_route=%2Fwp%2Fv2%2Ftags&post=402"}],"curies":[{"name":"wp","href":"https:\/\/api.w.org\/{rel}","templated":true}]}}