{"id":468,"date":"2015-02-05T14:33:02","date_gmt":"2015-02-05T12:33:02","guid":{"rendered":"http:\/\/koeb-stephanus.stludger-selm.de\/?p=468"},"modified":"2015-02-05T14:37:20","modified_gmt":"2015-02-05T12:37:20","slug":"petra-frenger-erzaehlt-ueber-ihre-ehrenamtliche-taetigkeit-in-der-koeb-bork","status":"publish","type":"post","link":"https:\/\/koeb-stephanus.stludger-selm.de\/?p=468","title":{"rendered":"Petra Frenger erz\u00e4hlt \u00fcber ihre ehrenamtliche T\u00e4tigkeit in der K\u00d6B Bork."},"content":{"rendered":"<p><a href=\"http:\/\/koeb-stephanus.stludger-selm.de\/wp-content\/uploads\/2015\/02\/2015.02.Petra-Frenger.jpg\"><img loading=\"lazy\" decoding=\"async\" class=\"alignnone size-medium wp-image-469\" src=\"http:\/\/koeb-stephanus.stludger-selm.de\/wp-content\/uploads\/2015\/02\/2015.02.Petra-Frenger-300x208.jpg\" alt=\"Petra Frenger\" width=\"300\" height=\"208\" srcset=\"https:\/\/koeb-stephanus.stludger-selm.de\/wp-content\/uploads\/2015\/02\/2015.02.Petra-Frenger-300x208.jpg 300w, https:\/\/koeb-stephanus.stludger-selm.de\/wp-content\/uploads\/2015\/02\/2015.02.Petra-Frenger.jpg 841w\" sizes=\"auto, (max-width: 300px) 100vw, 300px\" \/><\/a><br \/>\nDen Artikel der Ruhr Nachrichten vom 4. Februar finden Sie <a href=\"http:\/\/koeb-stephanus.stludger-selm.de\/?page_id=106\">hier<\/a>.<\/p>\n","protected":false},"excerpt":{"rendered":"<p>Den Artikel der Ruhr Nachrichten vom 4. Februar finden Sie hier.<\/p>\n","protected":false},"author":2,"featured_media":0,"comment_status":"closed","ping_status":"closed","sticky":false,"template":"","format":"standard","meta":{"footnotes":""},"categories":[1],"tags":[],"class_list":["post-468","post","type-post","status-publish","format-standard","hentry","category-allgemein"],"_links":{"self":[{"href":"https:\/\/koeb-stephanus.stludger-selm.de\/index.php?rest_route=\/wp\/v2\/posts\/468","targetHints":{"allow":["GET"]}}],"collection":[{"href":"https:\/\/koeb-stephanus.stludger-selm.de\/index.php?rest_route=\/wp\/v2\/posts"}],"about":[{"href":"https:\/\/koeb-stephanus.stludger-selm.de\/index.php?rest_route=\/wp\/v2\/types\/post"}],"author":[{"embeddable":true,"href":"https:\/\/koeb-stephanus.stludger-selm.de\/index.php?rest_route=\/wp\/v2\/users\/2"}],"replies":[{"embeddable":true,"href":"https:\/\/koeb-stephanus.stludger-selm.de\/index.php?rest_route=%2Fwp%2Fv2%2Fcomments&post=468"}],"version-history":[{"count":1,"href":"https:\/\/koeb-stephanus.stludger-selm.de\/index.php?rest_route=\/wp\/v2\/posts\/468\/revisions"}],"predecessor-version":[{"id":470,"href":"https:\/\/koeb-stephanus.stludger-selm.de\/index.php?rest_route=\/wp\/v2\/posts\/468\/revisions\/470"}],"wp:attachment":[{"href":"https:\/\/koeb-stephanus.stludger-selm.de\/index.php?rest_route=%2Fwp%2Fv2%2Fmedia&parent=468"}],"wp:term":[{"taxonomy":"category","embeddable":true,"href":"https:\/\/koeb-stephanus.stludger-selm.de\/index.php?rest_route=%2Fwp%2Fv2%2Fcategories&post=468"},{"taxonomy":"post_tag","embeddable":true,"href":"https:\/\/koeb-stephanus.stludger-selm.de\/index.php?rest_route=%2Fwp%2Fv2%2Ftags&post=468"}],"curies":[{"name":"wp","href":"https:\/\/api.w.org\/{rel}","templated":true}]}}