{"id":494,"date":"2015-04-15T20:19:23","date_gmt":"2015-04-15T18:19:23","guid":{"rendered":"http:\/\/koeb-stephanus.stludger-selm.de\/?p=494"},"modified":"2015-04-15T20:21:36","modified_gmt":"2015-04-15T18:21:36","slug":"unsere-buecherei-oeffnet-am-mittwoch-vor-den-feiertagen","status":"publish","type":"post","link":"https:\/\/koeb-stephanus.stludger-selm.de\/?p=494","title":{"rendered":"Unsere B\u00fccherei \u00f6ffnet am Mittwoch vor den Feiertagen!"},"content":{"rendered":"<p>Am Mittwoch, 29. April wird die B\u00fccherei zu den \u00fcblichen Zeiten \u00f6ffnen.<br \/>\nDas gleiche gilt f\u00fcr den 13. Mai und den 3. Juni.<\/p>\n<p>In den Sommerferien haben wir am 23. \/ 30. Juni und am 6. August geschlossen.<\/p>\n","protected":false},"excerpt":{"rendered":"<p>Am Mittwoch, 29. April wird die B\u00fccherei zu den \u00fcblichen Zeiten \u00f6ffnen. Das gleiche gilt f\u00fcr den 13. Mai und den 3. Juni. In den Sommerferien haben wir am 23. \/ 30. Juni und am<\/p>\n","protected":false},"author":2,"featured_media":0,"comment_status":"closed","ping_status":"closed","sticky":false,"template":"","format":"standard","meta":{"footnotes":""},"categories":[1],"tags":[],"class_list":["post-494","post","type-post","status-publish","format-standard","hentry","category-allgemein"],"_links":{"self":[{"href":"https:\/\/koeb-stephanus.stludger-selm.de\/index.php?rest_route=\/wp\/v2\/posts\/494","targetHints":{"allow":["GET"]}}],"collection":[{"href":"https:\/\/koeb-stephanus.stludger-selm.de\/index.php?rest_route=\/wp\/v2\/posts"}],"about":[{"href":"https:\/\/koeb-stephanus.stludger-selm.de\/index.php?rest_route=\/wp\/v2\/types\/post"}],"author":[{"embeddable":true,"href":"https:\/\/koeb-stephanus.stludger-selm.de\/index.php?rest_route=\/wp\/v2\/users\/2"}],"replies":[{"embeddable":true,"href":"https:\/\/koeb-stephanus.stludger-selm.de\/index.php?rest_route=%2Fwp%2Fv2%2Fcomments&post=494"}],"version-history":[{"count":2,"href":"https:\/\/koeb-stephanus.stludger-selm.de\/index.php?rest_route=\/wp\/v2\/posts\/494\/revisions"}],"predecessor-version":[{"id":496,"href":"https:\/\/koeb-stephanus.stludger-selm.de\/index.php?rest_route=\/wp\/v2\/posts\/494\/revisions\/496"}],"wp:attachment":[{"href":"https:\/\/koeb-stephanus.stludger-selm.de\/index.php?rest_route=%2Fwp%2Fv2%2Fmedia&parent=494"}],"wp:term":[{"taxonomy":"category","embeddable":true,"href":"https:\/\/koeb-stephanus.stludger-selm.de\/index.php?rest_route=%2Fwp%2Fv2%2Fcategories&post=494"},{"taxonomy":"post_tag","embeddable":true,"href":"https:\/\/koeb-stephanus.stludger-selm.de\/index.php?rest_route=%2Fwp%2Fv2%2Ftags&post=494"}],"curies":[{"name":"wp","href":"https:\/\/api.w.org\/{rel}","templated":true}]}}