{"id":5,"date":"2013-03-16T00:00:14","date_gmt":"2013-03-15T23:00:14","guid":{"rendered":"http:\/\/koeb-stephanus.stludger-selm.de\/?p=5"},"modified":"2013-03-16T00:00:14","modified_gmt":"2013-03-15T23:00:14","slug":"umzug-der-bucherei-in-den-ortskern","status":"publish","type":"post","link":"https:\/\/koeb-stephanus.stludger-selm.de\/?p=5","title":{"rendered":"Umzug der B\u00fccherei in den Ortskern&#8230;"},"content":{"rendered":"<p>\u00dcberaus positiv wirkte sich der Umzug der K\u00d6B St. Stephanus in die Hauptstra\u00dfe 23 aus. Die Ruhnachrichten berichten:<\/p>\n<p>&nbsp;<\/p>\n<blockquote>\n<div><a title=\"Pressebericht Ruhrnachrichten\" href=\"http:\/\/www.ruhrnachrichten.de\/lokales\/selm\/Umzug-in-den-Ortskern-verdreifachte-die-Ausleihen;art931,1761291\" target=\"_blank\">\u201eDie Anmeldungen f\u00fcr dieses Jahr haben sich in den f\u00fcnf Wochen, die wir nun hier am neuen Standort sind, verdreifacht\u201c, konnte Petra Frenger aus dem ehrenamtlichen Leitungsteam der B\u00fccherei am Sonntag stolz verk\u00fcnden.<\/a><\/div>\n<p>&nbsp;<\/p><\/blockquote>\n","protected":false},"excerpt":{"rendered":"<p>\u00dcberaus positiv wirkte sich der Umzug der K\u00d6B St. Stephanus in die Hauptstra\u00dfe 23 aus. Die Ruhnachrichten berichten: &nbsp; \u201eDie Anmeldungen f\u00fcr dieses Jahr haben sich in den f\u00fcnf Wochen, die wir nun hier am<\/p>\n","protected":false},"author":1,"featured_media":0,"comment_status":"closed","ping_status":"open","sticky":false,"template":"","format":"aside","meta":{"footnotes":""},"categories":[2],"tags":[],"class_list":["post-5","post","type-post","status-publish","format-aside","hentry","category-presseberichte","post_format-post-format-aside"],"_links":{"self":[{"href":"https:\/\/koeb-stephanus.stludger-selm.de\/index.php?rest_route=\/wp\/v2\/posts\/5","targetHints":{"allow":["GET"]}}],"collection":[{"href":"https:\/\/koeb-stephanus.stludger-selm.de\/index.php?rest_route=\/wp\/v2\/posts"}],"about":[{"href":"https:\/\/koeb-stephanus.stludger-selm.de\/index.php?rest_route=\/wp\/v2\/types\/post"}],"author":[{"embeddable":true,"href":"https:\/\/koeb-stephanus.stludger-selm.de\/index.php?rest_route=\/wp\/v2\/users\/1"}],"replies":[{"embeddable":true,"href":"https:\/\/koeb-stephanus.stludger-selm.de\/index.php?rest_route=%2Fwp%2Fv2%2Fcomments&post=5"}],"version-history":[{"count":0,"href":"https:\/\/koeb-stephanus.stludger-selm.de\/index.php?rest_route=\/wp\/v2\/posts\/5\/revisions"}],"wp:attachment":[{"href":"https:\/\/koeb-stephanus.stludger-selm.de\/index.php?rest_route=%2Fwp%2Fv2%2Fmedia&parent=5"}],"wp:term":[{"taxonomy":"category","embeddable":true,"href":"https:\/\/koeb-stephanus.stludger-selm.de\/index.php?rest_route=%2Fwp%2Fv2%2Fcategories&post=5"},{"taxonomy":"post_tag","embeddable":true,"href":"https:\/\/koeb-stephanus.stludger-selm.de\/index.php?rest_route=%2Fwp%2Fv2%2Ftags&post=5"}],"curies":[{"name":"wp","href":"https:\/\/api.w.org\/{rel}","templated":true}]}}