{"id":532,"date":"2015-06-27T17:10:10","date_gmt":"2015-06-27T15:10:10","guid":{"rendered":"http:\/\/koeb-stephanus.stludger-selm.de\/?p=532"},"modified":"2015-06-27T17:11:54","modified_gmt":"2015-06-27T15:11:54","slug":"oeffnungszeiten-waehrend-der-sommerferien-2","status":"publish","type":"post","link":"https:\/\/koeb-stephanus.stludger-selm.de\/?p=532","title":{"rendered":"\u00d6ffnungszeiten w\u00e4hrend der Sommerferien"},"content":{"rendered":"<p>Die B\u00fccherei hat w\u00e4hrend der Sommerferien weiterhin sonntags ge\u00f6ffnet. Geschlossen ist die B\u00fccherei in dieser Zeit lediglich an den Donnerstagen 23. und 30. Juli und 6. August.\u00a0<a href=\"http:\/\/koeb-stephanus.stludger-selm.de\/wp-content\/uploads\/2014\/06\/schoene-ferien-3.png\"><img loading=\"lazy\" decoding=\"async\" class=\"alignnone size-medium wp-image-330\" src=\"http:\/\/koeb-stephanus.stludger-selm.de\/wp-content\/uploads\/2014\/06\/schoene-ferien-3-300x89.png\" alt=\"schoene-ferien (3)\" width=\"300\" height=\"89\" srcset=\"https:\/\/koeb-stephanus.stludger-selm.de\/wp-content\/uploads\/2014\/06\/schoene-ferien-3-300x89.png 300w, https:\/\/koeb-stephanus.stludger-selm.de\/wp-content\/uploads\/2014\/06\/schoene-ferien-3.png 502w\" sizes=\"auto, (max-width: 300px) 100vw, 300px\" \/><\/a><\/p>\n<p>&nbsp;<\/p>\n","protected":false},"excerpt":{"rendered":"<p>Die B\u00fccherei hat w\u00e4hrend der Sommerferien weiterhin sonntags ge\u00f6ffnet. Geschlossen ist die B\u00fccherei in dieser Zeit lediglich an den Donnerstagen 23. und 30. Juli und 6. August.\u00a0 &nbsp;<\/p>\n","protected":false},"author":2,"featured_media":0,"comment_status":"closed","ping_status":"closed","sticky":false,"template":"","format":"standard","meta":{"footnotes":""},"categories":[1],"tags":[],"class_list":["post-532","post","type-post","status-publish","format-standard","hentry","category-allgemein"],"_links":{"self":[{"href":"https:\/\/koeb-stephanus.stludger-selm.de\/index.php?rest_route=\/wp\/v2\/posts\/532","targetHints":{"allow":["GET"]}}],"collection":[{"href":"https:\/\/koeb-stephanus.stludger-selm.de\/index.php?rest_route=\/wp\/v2\/posts"}],"about":[{"href":"https:\/\/koeb-stephanus.stludger-selm.de\/index.php?rest_route=\/wp\/v2\/types\/post"}],"author":[{"embeddable":true,"href":"https:\/\/koeb-stephanus.stludger-selm.de\/index.php?rest_route=\/wp\/v2\/users\/2"}],"replies":[{"embeddable":true,"href":"https:\/\/koeb-stephanus.stludger-selm.de\/index.php?rest_route=%2Fwp%2Fv2%2Fcomments&post=532"}],"version-history":[{"count":2,"href":"https:\/\/koeb-stephanus.stludger-selm.de\/index.php?rest_route=\/wp\/v2\/posts\/532\/revisions"}],"predecessor-version":[{"id":534,"href":"https:\/\/koeb-stephanus.stludger-selm.de\/index.php?rest_route=\/wp\/v2\/posts\/532\/revisions\/534"}],"wp:attachment":[{"href":"https:\/\/koeb-stephanus.stludger-selm.de\/index.php?rest_route=%2Fwp%2Fv2%2Fmedia&parent=532"}],"wp:term":[{"taxonomy":"category","embeddable":true,"href":"https:\/\/koeb-stephanus.stludger-selm.de\/index.php?rest_route=%2Fwp%2Fv2%2Fcategories&post=532"},{"taxonomy":"post_tag","embeddable":true,"href":"https:\/\/koeb-stephanus.stludger-selm.de\/index.php?rest_route=%2Fwp%2Fv2%2Ftags&post=532"}],"curies":[{"name":"wp","href":"https:\/\/api.w.org\/{rel}","templated":true}]}}