{"id":536,"date":"2015-08-14T13:42:24","date_gmt":"2015-08-14T11:42:24","guid":{"rendered":"http:\/\/koeb-stephanus.stludger-selm.de\/?p=536"},"modified":"2015-08-14T13:44:01","modified_gmt":"2015-08-14T11:44:01","slug":"selm-wird-vorlesehauptstadt-2015-wenn-sie-mitmachen","status":"publish","type":"post","link":"https:\/\/koeb-stephanus.stludger-selm.de\/?p=536","title":{"rendered":"Selm wird Vorlesehauptstadt 2015, wenn SIE mitmachen!"},"content":{"rendered":"<p><strong>Am 20. November 2015 ist Bundesweiter Vorlesetag!<\/strong><br \/>\nAlle Vorleseaktionen, die bis zum Datum des Bundesweiten Vorlesetags regul\u00e4r auf der Webseite <a href=\"http:\/\/www.vorlesetag.de\/\" target=\"_blank\">vorlesetag.de<\/a> angemeldet werden, werden f\u00fcr verschiedene Kategorien ausgewertet. Selm kann aktivste, \u00f6ffentlichkeitswirksamste oder au\u00dfergew\u00f6hnlichste Vorlesehauptstadt werden.<\/p>\n<p>Die Initiative stellt unter <a href=\"http:\/\/www.vorlesetag.de\/mach-mit\/downloads\/\" target=\"_blank\">http:\/\/www.vorlesetag.de\/mach-mit\/downloads\/ <\/a>jetzt auch Materialien zum Ausdrucken und Verteilen zur Verf\u00fcgung:<br \/>\n<a href=\"http:\/\/www.vorlesetag.de\/uploads\/media\/Beschreibbares_Plakat_01.pdf\" target=\"_blank\">Beschreibbares Plakat<\/a><br \/>\n<a href=\"http:\/\/www.vorlesetag.de\/uploads\/media\/Aufrufplakat_01.pdf\" target=\"_blank\">Aufrufplakat<\/a><br \/>\n<a href=\"http:\/\/www.vorlesetag.de\/uploads\/media\/Postkarte_01.pdf\" target=\"_blank\">Postkarte<\/a><\/p>\n<p>Machen Sie mit und <a href=\"http:\/\/www.vorlesetag.de\/mach-mit\/anmeldung\/\" target=\"_blank\">melden Sie sich an<\/a>!<\/p>\n<p><a href=\"http:\/\/koeb-stephanus.stludger-selm.de\/wp-content\/uploads\/2015\/08\/Vorlesetag-2015.jpg\"><img loading=\"lazy\" decoding=\"async\" class=\"alignnone size-medium wp-image-538\" src=\"http:\/\/koeb-stephanus.stludger-selm.de\/wp-content\/uploads\/2015\/08\/Vorlesetag-2015-212x300.jpg\" alt=\"Vorlesetag 2015\" width=\"212\" height=\"300\" \/><\/a><\/p>\n","protected":false},"excerpt":{"rendered":"<p>Am 20. November 2015 ist Bundesweiter Vorlesetag! Alle Vorleseaktionen, die bis zum Datum des Bundesweiten Vorlesetags regul\u00e4r auf der Webseite vorlesetag.de angemeldet werden, werden f\u00fcr verschiedene Kategorien ausgewertet. Selm kann aktivste, \u00f6ffentlichkeitswirksamste oder au\u00dfergew\u00f6hnlichste Vorlesehauptstadt<\/p>\n","protected":false},"author":2,"featured_media":0,"comment_status":"closed","ping_status":"closed","sticky":false,"template":"","format":"standard","meta":{"footnotes":""},"categories":[1],"tags":[],"class_list":["post-536","post","type-post","status-publish","format-standard","hentry","category-allgemein"],"_links":{"self":[{"href":"https:\/\/koeb-stephanus.stludger-selm.de\/index.php?rest_route=\/wp\/v2\/posts\/536","targetHints":{"allow":["GET"]}}],"collection":[{"href":"https:\/\/koeb-stephanus.stludger-selm.de\/index.php?rest_route=\/wp\/v2\/posts"}],"about":[{"href":"https:\/\/koeb-stephanus.stludger-selm.de\/index.php?rest_route=\/wp\/v2\/types\/post"}],"author":[{"embeddable":true,"href":"https:\/\/koeb-stephanus.stludger-selm.de\/index.php?rest_route=\/wp\/v2\/users\/2"}],"replies":[{"embeddable":true,"href":"https:\/\/koeb-stephanus.stludger-selm.de\/index.php?rest_route=%2Fwp%2Fv2%2Fcomments&post=536"}],"version-history":[{"count":1,"href":"https:\/\/koeb-stephanus.stludger-selm.de\/index.php?rest_route=\/wp\/v2\/posts\/536\/revisions"}],"predecessor-version":[{"id":539,"href":"https:\/\/koeb-stephanus.stludger-selm.de\/index.php?rest_route=\/wp\/v2\/posts\/536\/revisions\/539"}],"wp:attachment":[{"href":"https:\/\/koeb-stephanus.stludger-selm.de\/index.php?rest_route=%2Fwp%2Fv2%2Fmedia&parent=536"}],"wp:term":[{"taxonomy":"category","embeddable":true,"href":"https:\/\/koeb-stephanus.stludger-selm.de\/index.php?rest_route=%2Fwp%2Fv2%2Fcategories&post=536"},{"taxonomy":"post_tag","embeddable":true,"href":"https:\/\/koeb-stephanus.stludger-selm.de\/index.php?rest_route=%2Fwp%2Fv2%2Ftags&post=536"}],"curies":[{"name":"wp","href":"https:\/\/api.w.org\/{rel}","templated":true}]}}