{"id":607,"date":"2016-03-21T13:10:57","date_gmt":"2016-03-21T11:10:57","guid":{"rendered":"http:\/\/koeb-stephanus.stludger-selm.de\/?p=607"},"modified":"2017-01-19T15:52:11","modified_gmt":"2017-01-19T13:52:11","slug":"die-buecherei-wuenscht-ihnen-ein-frohes-osterfest-und-oeffnet-in-den-osterferien","status":"publish","type":"post","link":"https:\/\/koeb-stephanus.stludger-selm.de\/?p=607","title":{"rendered":"Die B\u00fccherei w\u00fcnscht Ihnen ein frohes Osterfest und \u00f6ffnet in den Osterferien!"},"content":{"rendered":"<p>In den Osterferien haben wir am Mittwoch, 23.03. ge\u00f6ffnet.<br \/>\nDie Ausleihe findet auch ganz normal statt am Donnerstag, 31.03. und am Sonntag, 03.04.2016!<br \/>\n<a href=\"http:\/\/koeb-stephanus.stludger-selm.de\/wp-content\/uploads\/2016\/03\/froheostern2016.jpg\"><img loading=\"lazy\" decoding=\"async\" class=\"alignnone size-medium wp-image-608\" src=\"http:\/\/koeb-stephanus.stludger-selm.de\/wp-content\/uploads\/2016\/03\/froheostern2016-300x200.jpg\" alt=\"froheostern2016\" width=\"300\" height=\"200\" srcset=\"https:\/\/koeb-stephanus.stludger-selm.de\/wp-content\/uploads\/2016\/03\/froheostern2016-300x200.jpg 300w, https:\/\/koeb-stephanus.stludger-selm.de\/wp-content\/uploads\/2016\/03\/froheostern2016.jpg 960w\" sizes=\"auto, (max-width: 300px) 100vw, 300px\" \/><\/a><\/p>\n","protected":false},"excerpt":{"rendered":"<p>In den Osterferien haben wir am Mittwoch, 23.03. ge\u00f6ffnet. Die Ausleihe findet auch ganz normal statt am Donnerstag, 31.03. und am Sonntag, 03.04.2016!<\/p>\n","protected":false},"author":2,"featured_media":0,"comment_status":"closed","ping_status":"closed","sticky":false,"template":"","format":"standard","meta":{"footnotes":""},"categories":[6,1],"tags":[],"class_list":["post-607","post","type-post","status-publish","format-standard","hentry","category-aktuell","category-allgemein"],"_links":{"self":[{"href":"https:\/\/koeb-stephanus.stludger-selm.de\/index.php?rest_route=\/wp\/v2\/posts\/607","targetHints":{"allow":["GET"]}}],"collection":[{"href":"https:\/\/koeb-stephanus.stludger-selm.de\/index.php?rest_route=\/wp\/v2\/posts"}],"about":[{"href":"https:\/\/koeb-stephanus.stludger-selm.de\/index.php?rest_route=\/wp\/v2\/types\/post"}],"author":[{"embeddable":true,"href":"https:\/\/koeb-stephanus.stludger-selm.de\/index.php?rest_route=\/wp\/v2\/users\/2"}],"replies":[{"embeddable":true,"href":"https:\/\/koeb-stephanus.stludger-selm.de\/index.php?rest_route=%2Fwp%2Fv2%2Fcomments&post=607"}],"version-history":[{"count":2,"href":"https:\/\/koeb-stephanus.stludger-selm.de\/index.php?rest_route=\/wp\/v2\/posts\/607\/revisions"}],"predecessor-version":[{"id":610,"href":"https:\/\/koeb-stephanus.stludger-selm.de\/index.php?rest_route=\/wp\/v2\/posts\/607\/revisions\/610"}],"wp:attachment":[{"href":"https:\/\/koeb-stephanus.stludger-selm.de\/index.php?rest_route=%2Fwp%2Fv2%2Fmedia&parent=607"}],"wp:term":[{"taxonomy":"category","embeddable":true,"href":"https:\/\/koeb-stephanus.stludger-selm.de\/index.php?rest_route=%2Fwp%2Fv2%2Fcategories&post=607"},{"taxonomy":"post_tag","embeddable":true,"href":"https:\/\/koeb-stephanus.stludger-selm.de\/index.php?rest_route=%2Fwp%2Fv2%2Ftags&post=607"}],"curies":[{"name":"wp","href":"https:\/\/api.w.org\/{rel}","templated":true}]}}