{"id":641,"date":"2016-06-21T08:09:46","date_gmt":"2016-06-21T06:09:46","guid":{"rendered":"http:\/\/koeb-stephanus.stludger-selm.de\/?p=641"},"modified":"2017-01-19T15:52:11","modified_gmt":"2017-01-19T13:52:11","slug":"oeffnungszeiten-waehrend-der-sommerferien-3","status":"publish","type":"post","link":"https:\/\/koeb-stephanus.stludger-selm.de\/?p=641","title":{"rendered":"\u00d6ffnungszeiten w\u00e4hrend der Sommerferien"},"content":{"rendered":"<p>In den Ferien vom So., 10.07. \u2013 So., 24.07. ist die B\u00fccherei zu den gewohnten Terminen ge\u00f6ffnet.<\/p>\n<p>Wegen einer Softwareumstellung muss unsere B\u00fccherei vom Do., 28.07. \u00a0\u2013 So., 14.08. geschlossen bleiben.<\/p>\n<p>Am Do., 18.08. \u00f6ffnen wir wieder und bieten Ihnen mit unserer neuen Software einige Neuerungen f\u00fcr die Ausleihe. Sie werden im Internetportal im Medienstand recherchieren k\u00f6nnen und so sehen, ob Medien verf\u00fcgbar oder entliehen sind. Sie werden sich zuhause einloggen k\u00f6nnen und selber Medien vorbestellen oder Ausleihfristen verl\u00e4ngern k\u00f6nnen. Freuen Sie sich darauf und kommen Sie vorbei!<\/p>\n<p><a href=\"http:\/\/koeb-stephanus.stludger-selm.de\/wp-content\/uploads\/2014\/06\/schoene-ferien-3.png\" rel=\"attachment wp-att-330\"><img loading=\"lazy\" decoding=\"async\" class=\"alignnone size-medium wp-image-330\" src=\"http:\/\/koeb-stephanus.stludger-selm.de\/wp-content\/uploads\/2014\/06\/schoene-ferien-3-300x89.png\" alt=\"schoene-ferien (3)\" width=\"300\" height=\"89\" srcset=\"https:\/\/koeb-stephanus.stludger-selm.de\/wp-content\/uploads\/2014\/06\/schoene-ferien-3-300x89.png 300w, https:\/\/koeb-stephanus.stludger-selm.de\/wp-content\/uploads\/2014\/06\/schoene-ferien-3.png 502w\" sizes=\"auto, (max-width: 300px) 100vw, 300px\" \/><\/a><\/p>\n","protected":false},"excerpt":{"rendered":"<p>In den Ferien vom So., 10.07. \u2013 So., 24.07. ist die B\u00fccherei zu den gewohnten Terminen ge\u00f6ffnet. Wegen einer Softwareumstellung muss unsere B\u00fccherei vom Do., 28.07. \u00a0\u2013 So., 14.08. geschlossen bleiben. Am Do., 18.08. \u00f6ffnen<\/p>\n","protected":false},"author":2,"featured_media":0,"comment_status":"closed","ping_status":"closed","sticky":false,"template":"","format":"standard","meta":{"footnotes":""},"categories":[6,1],"tags":[],"class_list":["post-641","post","type-post","status-publish","format-standard","hentry","category-aktuell","category-allgemein"],"_links":{"self":[{"href":"https:\/\/koeb-stephanus.stludger-selm.de\/index.php?rest_route=\/wp\/v2\/posts\/641","targetHints":{"allow":["GET"]}}],"collection":[{"href":"https:\/\/koeb-stephanus.stludger-selm.de\/index.php?rest_route=\/wp\/v2\/posts"}],"about":[{"href":"https:\/\/koeb-stephanus.stludger-selm.de\/index.php?rest_route=\/wp\/v2\/types\/post"}],"author":[{"embeddable":true,"href":"https:\/\/koeb-stephanus.stludger-selm.de\/index.php?rest_route=\/wp\/v2\/users\/2"}],"replies":[{"embeddable":true,"href":"https:\/\/koeb-stephanus.stludger-selm.de\/index.php?rest_route=%2Fwp%2Fv2%2Fcomments&post=641"}],"version-history":[{"count":1,"href":"https:\/\/koeb-stephanus.stludger-selm.de\/index.php?rest_route=\/wp\/v2\/posts\/641\/revisions"}],"predecessor-version":[{"id":642,"href":"https:\/\/koeb-stephanus.stludger-selm.de\/index.php?rest_route=\/wp\/v2\/posts\/641\/revisions\/642"}],"wp:attachment":[{"href":"https:\/\/koeb-stephanus.stludger-selm.de\/index.php?rest_route=%2Fwp%2Fv2%2Fmedia&parent=641"}],"wp:term":[{"taxonomy":"category","embeddable":true,"href":"https:\/\/koeb-stephanus.stludger-selm.de\/index.php?rest_route=%2Fwp%2Fv2%2Fcategories&post=641"},{"taxonomy":"post_tag","embeddable":true,"href":"https:\/\/koeb-stephanus.stludger-selm.de\/index.php?rest_route=%2Fwp%2Fv2%2Ftags&post=641"}],"curies":[{"name":"wp","href":"https:\/\/api.w.org\/{rel}","templated":true}]}}