{"id":719,"date":"2016-09-30T14:41:18","date_gmt":"2016-09-30T12:41:18","guid":{"rendered":"http:\/\/koeb-stephanus.stludger-selm.de\/?p=719"},"modified":"2017-01-19T15:52:11","modified_gmt":"2017-01-19T13:52:11","slug":"schaurige-lesung-auf-hof-brosterhues-zum-tag-der-bibliotheken-am-24-10-2016-um-1930-uhr","status":"publish","type":"post","link":"https:\/\/koeb-stephanus.stludger-selm.de\/?p=719","title":{"rendered":"Schaurige Lesung auf Hof Brosterhues zum Tag der Bibliotheken am 24.10.2016 um 19:30 Uhr"},"content":{"rendered":"<p>In diesem Jahr laden erstmals die Bibliothek im FoKuS und die K\u00d6B St. Stephanus, Bork, gemeinsam zu einer Lesung ein. Christoph Tiemann, Kulturpreisstr\u00e4ger der Stadt Selm, lehrt die Zuh\u00f6rer das Gruseln.<\/p>\n<p><img loading=\"lazy\" decoding=\"async\" class=\"alignleft\" src=\"https:\/\/fbcdn-sphotos-g-a.akamaihd.net\/hphotos-ak-xat1\/v\/t1.0-9\/14520597_1245692538796400_258404470377437794_n.jpg?oh=cb2e4bd58ed5b618d5c45e02c13bad7d&amp;oe=585F1DF2&amp;__gda__=1485953325_1dce4e896ad59c35924e48f8fb249506\" alt=\"\" width=\"172\" height=\"258\" \/><\/p>\n<p>Am Kamin sitzend, geh\u00fcllt in unbehagliches Kerzenlicht, entf\u00fchrt er die G\u00e4ste zu einer schaurigen Reise durch die d\u00fcstersten literarischen Epochen. Tiemanns Torturbeginnt bei Edgar Allan Poe, schl\u00e4gt Haken zwischen Wahn und Wirklichkeit und macht Halt bei Henry Slesar, um schlie\u00dflich bei Roald Dahl einzukehren. Schizophrenen M\u00f6rdern haucht er neues Leben ein, kichert diabolisch und lockt mit s\u00e4uselnder Stimme literarische Figuren ins Verderben. Das ist \u201eEin-Mann-Kino f\u00fcr die Ohren\u201c.<br \/>\nDie Lesung beginnt um 19.30 Uhr auf Hof Brosterhues. Hof Brosterhues ist\u00a0ein denkmalgesch\u00fctzter Bauernhof aus dem Jahr 1749 in der Bauerschaft Westerfelde (Haus Nr. 25).<\/p>\n<div class=\"clear\"><\/div>\n<p>Eintrittskarten sind ab sofort zum Preis von 12,00\u20ac\/erm. 8,00\u20ac erh\u00e4ltlich.<br \/>\nVorverkauf bei:<br \/>\nBibliothek im FoKuS<br \/>\nK\u00d6B St. Stephanus<br \/>\nK\u00d6B St. Josef<\/p>\n","protected":false},"excerpt":{"rendered":"<p>In diesem Jahr laden erstmals die Bibliothek im FoKuS und die K\u00d6B St. Stephanus, Bork, gemeinsam zu einer Lesung ein. Christoph Tiemann, Kulturpreisstr\u00e4ger der Stadt Selm, lehrt die Zuh\u00f6rer das Gruseln. Am Kamin sitzend, geh\u00fcllt<\/p>\n","protected":false},"author":3,"featured_media":0,"comment_status":"closed","ping_status":"closed","sticky":false,"template":"","format":"standard","meta":{"footnotes":""},"categories":[6,1],"tags":[],"class_list":["post-719","post","type-post","status-publish","format-standard","hentry","category-aktuell","category-allgemein"],"_links":{"self":[{"href":"https:\/\/koeb-stephanus.stludger-selm.de\/index.php?rest_route=\/wp\/v2\/posts\/719","targetHints":{"allow":["GET"]}}],"collection":[{"href":"https:\/\/koeb-stephanus.stludger-selm.de\/index.php?rest_route=\/wp\/v2\/posts"}],"about":[{"href":"https:\/\/koeb-stephanus.stludger-selm.de\/index.php?rest_route=\/wp\/v2\/types\/post"}],"author":[{"embeddable":true,"href":"https:\/\/koeb-stephanus.stludger-selm.de\/index.php?rest_route=\/wp\/v2\/users\/3"}],"replies":[{"embeddable":true,"href":"https:\/\/koeb-stephanus.stludger-selm.de\/index.php?rest_route=%2Fwp%2Fv2%2Fcomments&post=719"}],"version-history":[{"count":3,"href":"https:\/\/koeb-stephanus.stludger-selm.de\/index.php?rest_route=\/wp\/v2\/posts\/719\/revisions"}],"predecessor-version":[{"id":746,"href":"https:\/\/koeb-stephanus.stludger-selm.de\/index.php?rest_route=\/wp\/v2\/posts\/719\/revisions\/746"}],"wp:attachment":[{"href":"https:\/\/koeb-stephanus.stludger-selm.de\/index.php?rest_route=%2Fwp%2Fv2%2Fmedia&parent=719"}],"wp:term":[{"taxonomy":"category","embeddable":true,"href":"https:\/\/koeb-stephanus.stludger-selm.de\/index.php?rest_route=%2Fwp%2Fv2%2Fcategories&post=719"},{"taxonomy":"post_tag","embeddable":true,"href":"https:\/\/koeb-stephanus.stludger-selm.de\/index.php?rest_route=%2Fwp%2Fv2%2Ftags&post=719"}],"curies":[{"name":"wp","href":"https:\/\/api.w.org\/{rel}","templated":true}]}}